{"id":8925,"date":"2022-07-05T16:24:29","date_gmt":"2022-07-05T16:24:29","guid":{"rendered":"https:\/\/comifac.org\/le-partenariat-pour-les-forets-du-bassin-du-congo-facilitation-de-la-republique-federale-d-allemagne-2020-2022-fete-ses-20-ans-et-tient-sa-19eme-reunion-des-parties-rdp\/"},"modified":"2022-07-05T16:24:29","modified_gmt":"2022-07-05T16:24:29","slug":"le-partenariat-pour-les-forets-du-bassin-du-congo-facilitation-de-la-republique-federale-d-allemagne-2020-2022-fete-ses-20-ans-et-tient-sa-19eme-reunion-des-parties-rdp","status":"publish","type":"post","link":"https:\/\/comifac.org\/?p=8925","title":{"rendered":"Le Partenariat pour les For\u00eats du Bassin du Congo Facilitation de la R\u00e9publique f\u00e9d\u00e9rale d&rsquo;Allemagne (2020-2022) f\u00eate ses 20 ans et tient sa 19\u00e8me R\u00e9union des Parties (RdP)"},"content":{"rendered":"<p><img fetchpriority=\"high\" decoding=\"async\" class=\" size-full wp-image-8924\" src=\"https:\/\/comifac.org\/wp-content\/uploads\/2022\/07\/pfbc_panel.jpg\" alt=\"\" width=\"2048\" height=\"1369\" srcset=\"https:\/\/comifac.org\/wp-content\/uploads\/2022\/07\/pfbc_panel.jpg 2048w, https:\/\/comifac.org\/wp-content\/uploads\/2022\/07\/pfbc_panel-600x401.jpg 600w, https:\/\/comifac.org\/wp-content\/uploads\/2022\/07\/pfbc_panel-400x267.jpg 400w, https:\/\/comifac.org\/wp-content\/uploads\/2022\/07\/pfbc_panel-1024x685.jpg 1024w, https:\/\/comifac.org\/wp-content\/uploads\/2022\/07\/pfbc_panel-768x513.jpg 768w, https:\/\/comifac.org\/wp-content\/uploads\/2022\/07\/pfbc_panel-1536x1027.jpg 1536w, https:\/\/comifac.org\/wp-content\/uploads\/2022\/07\/pfbc_panel-370x247.jpg 370w, https:\/\/comifac.org\/wp-content\/uploads\/2022\/07\/pfbc_panel-760x508.jpg 760w, https:\/\/comifac.org\/wp-content\/uploads\/2022\/07\/pfbc_panel-387x259.jpg 387w, https:\/\/comifac.org\/wp-content\/uploads\/2022\/07\/pfbc_panel-500x334.jpg 500w\" sizes=\"(max-width: 2048px) 100vw, 2048px\" \/><\/p>\n<p><span style=\"color: #000000;\"> Libreville, Gabon 5-8 juillet 2022 -.Les travaux se sont ouverts ce jour en pr\u00e9sence d&rsquo;un grand nombre de participants venus de differentes r\u00e9gion du monde.<\/span><\/p>\n<p>  <!--more-->  <\/p>\n<p><span style=\"color: #000000;\">La C\u00e9r\u00e9monie solennelle d&rsquo;ouverture a \u00e9t\u00e9 marqu\u00e9e par le discours de Monsieur Michel Stephan Bonda, Ministre D\u00e9l\u00e9gu\u00e9 des Eaux et For\u00eats, de S.E l&rsquo;Honorable Dr Christian Ruck, Ambassadeur de bonne volont\u00e9, Facilitateur du PFBC de la R\u00e9publique F\u00e9d\u00e9rale d&rsquo;Allemagne, de Son Excellence Jules Doret Ndongo, Ministre des For\u00eats et de la Faune du Cameroun, Pr\u00e9sident en exercice de la COMIFAC et son Excellence Monsieur Honor\u00e9 Tabuna, Commissaire en charge du d\u00e9partement Environnement, Ressources Naturelles, Agriculture et D\u00e9veloppement Rural de la CEEAC.<\/span><\/p>\n<p><span style=\"color: #000000;\">Au cours du point de presse qui s\u2019en qui s\u2019en est suivi, le facilitateur du PFBC a pr\u00e9sent\u00e9 aux repr\u00e9sentants des m\u00e9dias, les objectifs de la 19<sup>e<\/sup> r\u00e9union des parties du PFBC. Le Pr\u00e9sident en Exercice de la COMIFAC a relev\u00e9 les efforts d\u00e9ploy\u00e9s par la Facilitation allemande du PFBC depuis 03 trois ans pour le Bassin du Congo, marqu\u00e9s entre autres par une promesse de financement de 1,5 million de dollars pour le second poumon du monde.<\/span><\/p>\n<p><span style=\"color: #000000;\">La journ\u00e9e s\u2019est poursuivie par une s\u00e9rie d\u2019 \u00e9v\u00e9nements parall\u00e8les&nbsp;:<\/span><\/p>\n<ul>\n<li><span style=\"color: #000000;\">Rainforest Alliance: Sustainable Land-Use and Land restoration: Gestion communautaire des paysages dans le Bassin du Congo : exp\u00e9rience du Cameroun<\/span><\/li>\n<li><span style=\"color: #000000;\">AWF : Se donner la main pour renforcer l&rsquo;\u00e9pine dorsale de l&rsquo;infrastructure naturelle de l&rsquo;Afrique : Une vision pour les aires prot\u00e9g\u00e9es et conserv\u00e9es.<\/span><\/li>\n<li><span style=\"color: #000000;\">R2FAC-IRET-CIRAD: 20 ans de recherche sur les for\u00eats d\u2019Afrique centrale : quel bilan ?<\/span><\/li>\n<li><span style=\"color: #000000;\">FERN-ACRN: Les organisations de la soci\u00e9t\u00e9 civile \u0153uvrant pour la bonne gouvernance des ressources naturelles :<\/span><\/li>\n<li><span style=\"color: #000000;\">\u00catre une force de proposition pour la protection des for\u00eats et leur gestion inclusive ainsi que l\u2019am\u00e9lioration des droits et conditions de vie des populations locales.<\/span><\/li>\n<li><span style=\"color: #000000;\">USG : Session de haut niveau : Le Gouvernement des \u00c9tats-Unis : Engagements envers le Bassin du Congo.&nbsp; USG<\/span><\/li>\n<li><span style=\"color: #000000;\">FAO : Cha\u00eenes de valeur durables du bois en Afrique centrale : r\u00e9pondre aux besoins de neutralit\u00e9 climatique et de moyens de subsistance. FAO<\/span><\/li>\n<li><span style=\"color: #000000;\">CIFOR : R\u00e9duction de la d\u00e9forestation dans les cha\u00eenes d&rsquo;approvisionnement en mati\u00e8res premi\u00e8res dans le bassin du Congo : Initiatives r\u00e9centes, contraintes, et la voie \u00e0 suivre.<\/span><\/li>\n<li><span style=\"color: #000000;\">Climate Focus : Le pilote r\u00e9gional de l&rsquo;\u00e9valuation de la d\u00e9claration foresti\u00e8re 2022 : Renforcer la compr\u00e9hension pour atteindre les objectifs forestiers de 2030 dans le Bassin du Congo.<\/span><\/li>\n<\/ul>\n<p><span style=\"color: #000000;\">Le programme de la journ\u00e9e du 06 juillet 2022 pr\u00e9voit entre autres : La suite des \u00e9v\u00e9nements pareilles et les travaux des diff\u00e9rents streams.<\/span><\/p>\n<p><span style=\"color: #000000;\">Bien vouloir consulter :<\/span><\/p>\n<p><a href=\"https:\/\/pfbc-cbfp.org\/news-partner\/MOP19-Final-Program.html\">Le programme de la RDP19<\/a><\/p>\n<p><a href=\"https:\/\/www.cbfp-mop19.info\/side-events\">Le programme des streams<\/a><\/p>\n<p><a href=\"https:\/\/www.cbfp-mop19.info\/participation-informations\">Les informations pratique<\/a>s<\/p>\n","protected":false},"excerpt":{"rendered":"<p>Libreville, Gabon 5-8 juillet 2022 -.Les travaux se sont ouverts ce jour en pr\u00e9sence d&rsquo;un grand nombre&hellip;<\/p>\n","protected":false},"author":5,"featured_media":8924,"comment_status":"open","ping_status":"open","sticky":false,"template":"","format":"standard","meta":{"give_campaign_id":0,"rs_blank_template":"","rs_page_bg_color":"","slide_template_v7":"","_jetpack_newsletter_access":"","_jetpack_dont_email_post_to_subs":false,"_jetpack_newsletter_tier_id":0,"_jetpack_memberships_contains_paywalled_content":false,"_jetpack_feature_clip_id":0,"_jetpack_memberships_contains_paid_content":false,"footnotes":"","jetpack_post_was_ever_published":false},"categories":[117],"tags":[],"class_list":["post-8925","post","type-post","status-publish","format-standard","has-post-thumbnail","hentry","category-actualites"],"jetpack_sharing_enabled":true,"jetpack_featured_media_url":"https:\/\/comifac.org\/wp-content\/uploads\/2022\/07\/pfbc_panel.jpg","_links":{"self":[{"href":"https:\/\/comifac.org\/index.php?rest_route=\/wp\/v2\/posts\/8925","targetHints":{"allow":["GET"]}}],"collection":[{"href":"https:\/\/comifac.org\/index.php?rest_route=\/wp\/v2\/posts"}],"about":[{"href":"https:\/\/comifac.org\/index.php?rest_route=\/wp\/v2\/types\/post"}],"author":[{"embeddable":true,"href":"https:\/\/comifac.org\/index.php?rest_route=\/wp\/v2\/users\/5"}],"replies":[{"embeddable":true,"href":"https:\/\/comifac.org\/index.php?rest_route=%2Fwp%2Fv2%2Fcomments&post=8925"}],"version-history":[{"count":0,"href":"https:\/\/comifac.org\/index.php?rest_route=\/wp\/v2\/posts\/8925\/revisions"}],"wp:featuredmedia":[{"embeddable":true,"href":"https:\/\/comifac.org\/index.php?rest_route=\/wp\/v2\/media\/8924"}],"wp:attachment":[{"href":"https:\/\/comifac.org\/index.php?rest_route=%2Fwp%2Fv2%2Fmedia&parent=8925"}],"wp:term":[{"taxonomy":"category","embeddable":true,"href":"https:\/\/comifac.org\/index.php?rest_route=%2Fwp%2Fv2%2Fcategories&post=8925"},{"taxonomy":"post_tag","embeddable":true,"href":"https:\/\/comifac.org\/index.php?rest_route=%2Fwp%2Fv2%2Ftags&post=8925"}],"curies":[{"name":"wp","href":"https:\/\/api.w.org\/{rel}","templated":true}]}}