{"id":8930,"date":"2022-07-08T19:18:08","date_gmt":"2022-07-08T19:18:08","guid":{"rendered":"https:\/\/comifac.org\/les-ministres-des-forets-d-afrique-centrale-reunis-pour-la-preservation-de-l-environnement-rfi\/"},"modified":"2022-07-08T19:18:08","modified_gmt":"2022-07-08T19:18:08","slug":"les-ministres-des-forets-d-afrique-centrale-reunis-pour-la-preservation-de-l-environnement-rfi","status":"publish","type":"post","link":"https:\/\/comifac.org\/?p=8930","title":{"rendered":"Les ministres des for\u00eats d\u2019Afrique centrale r\u00e9unis pour la pr\u00e9servation de l&rsquo;environnement-RFI"},"content":{"rendered":"<p style=\"text-align: justify;\">La rencontre coorganis\u00e9e par le Partenariat pour les for\u00eats du bassin du Congo (PFBC) vise \u00e0 trouver des solutions communes et durables pour la survie des for\u00eats du bassin du Congo. Il y a beaucoup de promesses de financements pour ces for\u00eats, mais ceux-ci n\u2019arrivent pas forc\u00e9ment au bon endroit, selon des participants.<\/p>\n<p>  <!--more-->  <\/p>\n<p style=\"text-align: justify;\">&nbsp;<\/p>\n<p style=\"text-align: justify;\"><img decoding=\"async\" src=\"https:\/\/pfbc-cbfp.org\/files\/docs\/news\/7-2022\/foret_du_bassin_du_congo_0.webp\" alt=\"\" \/><\/p>\n<p style=\"text-align: justify;\">La Commission des for\u00eats de l\u2019Afrique centrale (Comifac), qui supervise <a href=\"https:\/\/savoirs.rfi.fr\/fr\/comprendre-enrichir\/sciences\/preserver-le-bassin-du-fleuve-congo-poumon-du-monde-et-patrimoine-universel\" target=\"_blank\" rel=\"noopener\"><strong>la politique foresti\u00e8re de la r\u00e9gion<\/strong><\/a>, a constat\u00e9 que la majorit\u00e9 des financements disponibles sont capt\u00e9s par l\u2019Amazonie. Une m\u00e9connaissance, d\u00e9nonce Fran\u00e7oise Van de Ven, pr\u00e9sidente de l\u2018Association technique internationale des bois tropicaux (ATIBT): \u00ab <em>Le constat qui est fait maintenant, c\u2019est que ce n\u2019est plus l\u2019Amazonie qui est le premier poumon parce que la for\u00eat est devenue trop fr\u00e9quent\u00e9e. C\u2019est maintenant la for\u00eat du bassin du Congo qui est le premier poumon au monde <\/em>\u00bb.<\/p>\n<p style=\"text-align: justify;\"><strong>\u00ab <em>La concurrence du r\u00e9el<\/em> \u00bb<\/strong><\/p>\n<p style=\"text-align: justify;\">De leur c\u00f4t\u00e9, les ONG soutiennent que le peu de fonds disponibles sont capt\u00e9s par les organisations internationales. \u00ab <em>C\u2019est la concurrence du r\u00e9el <\/em>\u00bb, explique Nicaise Moulombi, environnementaliste. Et d\u2019ajouter : \u00ab <em>La quasi-totalit\u00e9 des fonds vont sur les \u00e9tudes. Qui font les \u00e9tudes ? Ce sont les organisations internationales, ce sont ces experts, donc eux-m\u00eames et non nous<\/em> \u00bb.<\/p>\n<p style=\"text-align: justify;\">Lors de <a href=\"https:\/\/www.rfi.fr\/fr\/tag\/cop26\/\" target=\"_blank\" rel=\"noopener\"><strong>la COP 26 \u00e0 Glasgow<\/strong><\/a>, les bailleurs de fonds ont promis une somme de <a href=\"https:\/\/www.rfi.fr\/fr\/environnement\/20211114-cop26-des-avanc\u00e9es-insuffisantes-pour-les-pays-africains\" target=\"_blank\" rel=\"noopener\"><strong>1,7 milliard de dollars aux peuples autochtones. <\/strong><\/a>Joseph Itogwa, coordonnateur du R\u00e9seau des populations autochtones et locales pour la gestion durable des \u00e9cosyst\u00e8mes forestiers d\u2019Afrique centrale (REPALEAC), sugg\u00e8re que l\u2019argent soit directement vers\u00e9 aux b\u00e9n\u00e9ficiaires. Afin d\u2019 \u00ab <em>\u00e9viter ces interm\u00e9diaires dans les fonds d\u00e9di\u00e9s aux peuples autochtones, qui passent par une bureaucratie, une grande administration, et qu\u2019il n\u2019y ait que les miettes qui arrivent aux communaut\u00e9s <\/em>\u00bb.<\/p>\n<p style=\"text-align: justify;\"><a href=\"https:\/\/www.rfi.fr\/fr\/afrique\/20220706-les-ministres-des-for%C3%AAts-d-afrique-centrale-r%C3%A9unis-pour-la-pr%C3%A9servation-de-l-environnement\" target=\"_blank\" rel=\"noopener\">En savoir plus&#8230;<\/a><\/p>\n<p>&nbsp;<\/p>\n<p>&nbsp;<\/p>\n","protected":false},"excerpt":{"rendered":"<p>La rencontre coorganis\u00e9e par le Partenariat pour les for\u00eats du bassin du Congo (PFBC) vise \u00e0 trouver&hellip;<\/p>\n","protected":false},"author":5,"featured_media":8929,"comment_status":"open","ping_status":"open","sticky":false,"template":"","format":"standard","meta":{"give_campaign_id":0,"rs_blank_template":"","rs_page_bg_color":"","slide_template_v7":"","_jetpack_newsletter_access":"","_jetpack_dont_email_post_to_subs":false,"_jetpack_newsletter_tier_id":0,"_jetpack_memberships_contains_paywalled_content":false,"_jetpack_feature_clip_id":0,"_jetpack_memberships_contains_paid_content":false,"footnotes":"","jetpack_post_was_ever_published":false},"categories":[117],"tags":[],"class_list":["post-8930","post","type-post","status-publish","format-standard","has-post-thumbnail","hentry","category-actualites"],"jetpack_sharing_enabled":true,"jetpack_featured_media_url":"https:\/\/comifac.org\/wp-content\/uploads\/2022\/07\/congo_basin_forest.jpg","_links":{"self":[{"href":"https:\/\/comifac.org\/index.php?rest_route=\/wp\/v2\/posts\/8930","targetHints":{"allow":["GET"]}}],"collection":[{"href":"https:\/\/comifac.org\/index.php?rest_route=\/wp\/v2\/posts"}],"about":[{"href":"https:\/\/comifac.org\/index.php?rest_route=\/wp\/v2\/types\/post"}],"author":[{"embeddable":true,"href":"https:\/\/comifac.org\/index.php?rest_route=\/wp\/v2\/users\/5"}],"replies":[{"embeddable":true,"href":"https:\/\/comifac.org\/index.php?rest_route=%2Fwp%2Fv2%2Fcomments&post=8930"}],"version-history":[{"count":0,"href":"https:\/\/comifac.org\/index.php?rest_route=\/wp\/v2\/posts\/8930\/revisions"}],"wp:featuredmedia":[{"embeddable":true,"href":"https:\/\/comifac.org\/index.php?rest_route=\/wp\/v2\/media\/8929"}],"wp:attachment":[{"href":"https:\/\/comifac.org\/index.php?rest_route=%2Fwp%2Fv2%2Fmedia&parent=8930"}],"wp:term":[{"taxonomy":"category","embeddable":true,"href":"https:\/\/comifac.org\/index.php?rest_route=%2Fwp%2Fv2%2Fcategories&post=8930"},{"taxonomy":"post_tag","embeddable":true,"href":"https:\/\/comifac.org\/index.php?rest_route=%2Fwp%2Fv2%2Ftags&post=8930"}],"curies":[{"name":"wp","href":"https:\/\/api.w.org\/{rel}","templated":true}]}}