{"id":8942,"date":"2022-07-14T15:10:57","date_gmt":"2022-07-14T15:10:57","guid":{"rendered":"https:\/\/comifac.org\/fin-de-19e-reunions-des-parties-du-partenariat-pour-les-forets-du-bassin-du-congo-rdp19\/"},"modified":"2022-07-14T15:10:57","modified_gmt":"2022-07-14T15:10:57","slug":"fin-de-19e-reunions-des-parties-du-partenariat-pour-les-forets-du-bassin-du-congo-rdp19","status":"publish","type":"post","link":"https:\/\/comifac.org\/?p=8942","title":{"rendered":"Fin de la 19e r\u00e9union des parties du Partenariat pour les For\u00eats du Bassin du Congo (RDP19)"},"content":{"rendered":"<div class=\"ce_text block\">\n<p><em>19<sup>e<\/sup>r\u00e9union des parties du Partenariat pour les For\u00eats du Bassin du Congo a eu lieu \u00e0 Libreville au Gabon du 05 Juillet au 08 juillet 2022. Pendant quatre (4) jours, il \u00e9tait question de trouver des voies et moyens pour acc\u00e9l\u00e9rer la mise en \u0153uvre de la D\u00e9claration de la COMIFAC, de la D\u00e9claration de Glasgow sur le \u00abFair Deal \u00bb, et de l\u2019ensemble des r\u00e9sultats des conf\u00e9rences internationales \u00e0 travers des ateliers, des discussions et des tables rondes.<\/em><\/p>\n<p>  <!--more-->  <\/p>\n<p>&nbsp;<\/p>\n<p><img decoding=\"async\" src=\"https:\/\/pfbc-cbfp.org\/files\/docs\/news\/7-2022\/-%20RDP19%20fin%201.JPG\" alt=\"\" \/><\/p>\n<p><sup>Discours de cl\u00f4ture du facilitateur du PFBC l\u2019Honorable, Dr Christian Ruck.<\/sup><\/p>\n<p>C\u2019est en pr\u00e9sence entre autres de l\u2019Honorable, Dr Christian Ruck, Facilitateur de la R\u00e9publique F\u00e9d\u00e9rale d\u2019Allemagne du PFBC, du ministre des Affaires \u00e9trang\u00e8res du Gabon SEM Michael Moussa Adamo, de SEM Jules Doret NDONGO, Ministre des For\u00eats et de la Faune du Cameroun et Pr\u00e9sident en exercice de la Commission des For\u00eats d\u2019Afrique Centrale (COMIFAC), de plus de 500 repr\u00e9sentants d\u2019institutions, des bailleurs de fonds, des ONG de la soci\u00e9t\u00e9 civile, et des repr\u00e9sentants d\u2019institutions de recherche et du secteur priv\u00e9 que s\u2019est d\u00e9roul\u00e9e la cl\u00f4ture des travaux de la 19\u00e8me session des PFBC.<\/p>\n<p><img decoding=\"async\" src=\"https:\/\/pfbc-cbfp.org\/files\/docs\/news\/7-2022\/-%20RDP19%20fin%202.JPG\" alt=\"\" \/><\/p>\n<p><sup>Lecture du communiqu\u00e9 final de la RDP19<\/sup><\/p>\n<p>Cette c\u00e9r\u00e9monie a \u00e9t\u00e9 parachev\u00e9e par la lecture du <a href=\"https:\/\/pfbc-cbfp.org\/files\/docs\/news\/7-2022\/FR_FINAL_RdP%2019-PFBC-Communique%CC%81%20Final.pdf\" target=\"_blank\" rel=\"noopener\">communiqu\u00e9 final de la RDP19<\/a>, marqu\u00e9e par des recommandations faites par les repr\u00e9sentants des coll\u00e8ges du PFBC pour une meilleure prise en compte des politiques publiques environnementales afin de faire face aux nouveaux d\u00e9fis.<\/p>\n<p><img decoding=\"async\" src=\"https:\/\/pfbc-cbfp.org\/files\/docs\/news\/7-2022\/-%20RDP19%20fin%204.JPG\" alt=\"\" \/><\/p>\n<p><sup>Discours de cl\u00f4ture de SEM Jules Doret NDONGO, Ministre des For\u00eats et de la Faune du Cameroun et Pr\u00e9sident en exercice de la Commission des For\u00eats d\u2019Afrique Centrale (COMIFAC) <\/sup><\/p>\n<p>La RDP19 a \u00e9t\u00e9 co-organis\u00e9e par le Partenariat pour les For\u00eats du Bassin du Congo (PFBC), la Facilitation de la R\u00e9publique F\u00e9d\u00e9rale d\u2019Allemagne et la COMIFAC.<\/p>\n<p><strong>A lire :<\/strong><\/p>\n<p><strong><a href=\"https:\/\/pfbc-cbfp.org\/actualites-partenaires\/session-extraordinaire-conseil-Ministres-COMIFAC.html\" target=\"_blank\" rel=\"noopener\">Le communiqu\u00e9 final de la session extraordinaire du conseil des Ministres de la COMIFAC de Libreville du 9 juillet 2022 est disponible en t\u00e9l\u00e9chargement\u2026 <\/a><\/strong><\/p>\n<p><strong><a href=\"https:\/\/pfbc-cbfp.org\/actualites-partenaires\/RDP19-revuemedias.html\" target=\"_blank\" rel=\"noopener\">RDP19 dans les m\u00e9dias: Conjonctures Economiques &#8211; Alibreville &#8211; Actualites241<\/a><\/strong><\/p>\n<p><strong><a href=\"https:\/\/pfbc-cbfp.org\/actualites-partenaires\/M%C3%A9dias-RFI-RDP19.html\" target=\"_blank\" rel=\"noopener\">RDP19 dans les M\u00e9dias \u2013 RFI : Les ministres des for\u00eats d\u2019Afrique centrale r\u00e9unis pour la pr\u00e9servation de l&rsquo;environnement <\/a><\/strong><\/p>\n<p><strong><a href=\"https:\/\/pfbc-cbfp.org\/actualites-partenaires\/peuples-autochtones-REPALEAC.html\" target=\"_blank\" rel=\"noopener\">RdP19 \u2013 PFBC : Le REPALEAC vers la mobilisation de 100 millions de dollars pour les droits forestiers et fonciers des peuples autochtones d\u2019Afrique centrale. <\/a><\/strong><\/p>\n<p><strong><a href=\"https:\/\/pfbc-cbfp.org\/actualites-partenaires\/Ouverture-travaux.html\" target=\"_blank\" rel=\"noopener\">Ouverture des travaux de la 19e R\u00e9union du PFBC <\/a><\/strong><\/p>\n<\/p><\/div>\n","protected":false},"excerpt":{"rendered":"<p>19er\u00e9union des parties du Partenariat pour les For\u00eats du Bassin du Congo a eu lieu \u00e0 Libreville&hellip;<\/p>\n","protected":false},"author":5,"featured_media":8941,"comment_status":"open","ping_status":"open","sticky":false,"template":"","format":"standard","meta":{"give_campaign_id":0,"rs_blank_template":"","rs_page_bg_color":"","slide_template_v7":"","_jetpack_newsletter_access":"","_jetpack_dont_email_post_to_subs":false,"_jetpack_newsletter_tier_id":0,"_jetpack_memberships_contains_paywalled_content":false,"_jetpack_feature_clip_id":0,"_jetpack_memberships_contains_paid_content":false,"footnotes":"","jetpack_post_was_ever_published":false},"categories":[117],"tags":[],"class_list":["post-8942","post","type-post","status-publish","format-standard","has-post-thumbnail","hentry","category-actualites"],"jetpack_sharing_enabled":true,"jetpack_featured_media_url":"https:\/\/comifac.org\/wp-content\/uploads\/2022\/07\/-_RDP19_fin_1.JPG","_links":{"self":[{"href":"https:\/\/comifac.org\/index.php?rest_route=\/wp\/v2\/posts\/8942","targetHints":{"allow":["GET"]}}],"collection":[{"href":"https:\/\/comifac.org\/index.php?rest_route=\/wp\/v2\/posts"}],"about":[{"href":"https:\/\/comifac.org\/index.php?rest_route=\/wp\/v2\/types\/post"}],"author":[{"embeddable":true,"href":"https:\/\/comifac.org\/index.php?rest_route=\/wp\/v2\/users\/5"}],"replies":[{"embeddable":true,"href":"https:\/\/comifac.org\/index.php?rest_route=%2Fwp%2Fv2%2Fcomments&post=8942"}],"version-history":[{"count":0,"href":"https:\/\/comifac.org\/index.php?rest_route=\/wp\/v2\/posts\/8942\/revisions"}],"wp:featuredmedia":[{"embeddable":true,"href":"https:\/\/comifac.org\/index.php?rest_route=\/wp\/v2\/media\/8941"}],"wp:attachment":[{"href":"https:\/\/comifac.org\/index.php?rest_route=%2Fwp%2Fv2%2Fmedia&parent=8942"}],"wp:term":[{"taxonomy":"category","embeddable":true,"href":"https:\/\/comifac.org\/index.php?rest_route=%2Fwp%2Fv2%2Fcategories&post=8942"},{"taxonomy":"post_tag","embeddable":true,"href":"https:\/\/comifac.org\/index.php?rest_route=%2Fwp%2Fv2%2Ftags&post=8942"}],"curies":[{"name":"wp","href":"https:\/\/api.w.org\/{rel}","templated":true}]}}