{"id":8945,"date":"2022-07-14T16:27:03","date_gmt":"2022-07-14T16:27:03","guid":{"rendered":"https:\/\/comifac.org\/rapport-etat-des-forets-2021-presente-dans-le-pavillon-comifac-au-cours-du-congres-forestier-mondial\/"},"modified":"2022-07-14T16:27:03","modified_gmt":"2022-07-14T16:27:03","slug":"rapport-etat-des-forets-2021-presente-dans-le-pavillon-comifac-au-cours-du-congres-forestier-mondial","status":"publish","type":"post","link":"https:\/\/comifac.org\/?p=8945","title":{"rendered":"Rapport \u00c9tat des For\u00eats 2021 pr\u00e9sent\u00e9 dans le Pavillon COMIFAC au cours du Congr\u00e8s forestier mondial"},"content":{"rendered":"<div class=\"\" dir=\"auto\">\n<div id=\"jsc_c_r\" class=\"ecm0bbzt hv4rvrfc ihqw7lf3 dati1w0a\" data-ad-comet-preview=\"message\" data-ad-preview=\"message\">\n<div class=\"j83agx80 cbu4d94t ew0dbk1b irj2b8pg\">\n<div class=\"qzhwtbm6 knvmm38d\">\n<div class=\"kvgmc6g5 cxmmr5t8 oygrvhab hcukyx3x c1et5uql ii04i59q\">\n<div dir=\"auto\" style=\"text-align: start;\">Libreville, Gabon, 7 juillet 2022- Lancement officiel de la publication l&rsquo; Etat des For\u00eats du bassin du Congo 2021 ce jour.<\/div>\n<div dir=\"auto\" style=\"text-align: start;\">Ce rapport fournit une \u00e9valuation compl\u00e8te de l&rsquo;\u00e9tat de la ressource reconnue pour son r\u00f4le essentiel dans la s\u00e9questration du carbone et la conservation de la diversit\u00e9 biologique. <!--more--> <\/div>\n<\/p><\/div>\n<div class=\"cxmmr5t8 oygrvhab hcukyx3x c1et5uql o9v6fnle ii04i59q\">\n<div>\n<p>Le rapport \u00c9tat des for\u00eats 2021 (EDF 2021) est le septi\u00e8me de la s\u00e9rie publi\u00e9e depuis 2005. Le rapport pr\u00e9c\u00e9dent a \u00e9t\u00e9 publi\u00e9 en 2015 lors de la quinzi\u00e8me Conf\u00e9rence des Parties de la Convention-cadre des Nations-Unies sur les changements climatiques (CCNUCC) tenue \u00e0 Paris.<\/p>\n<p>Le pr\u00e9sent rapport a \u00e9t\u00e9 \u00e9labor\u00e9 lors de la pand\u00e9mie de la COVID-19 qui s\u2019est impos\u00e9e comme contrainte majeure, particuli\u00e8rement vis-\u00e0-vis du processus de consultation.<\/p>\n<p>Paradoxalement, ce contexte, quoique contraignant, a aussi \u00e9t\u00e9 caract\u00e9ris\u00e9 par un regain d\u2019int\u00e9r\u00eat de la communaut\u00e9 internationale pour les for\u00eats d\u2019Afrique centrale. Il est actuellement reconnu que ces for\u00eats situ\u00e9es dans le bassin du Congo jouent un r\u00f4le mondial de tout premier ordre dans la s\u00e9questration du carbone gr\u00e2ce \u00e0 leurs \u00e9cosyst\u00e8mes et leurs tourbi\u00e8res. \u00c0 titre illustratif, les for\u00eats d\u2019Afrique centrale ont fait l\u2019objet d\u2019une d\u00e9claration de financement de 1,5 milliard USD pour la p\u00e9riode 2021-2025 lors de la COP21 de la CCNUCC qui s\u2019est tenue \u00e0 Glasgow (\u00c9cosse) en novembre 2021.<\/p>\n<p>Nonobstant la contrainte pr\u00e9sent\u00e9e par la pand\u00e9mie de la COVID-19, le pr\u00e9sent rapport a \u00e9t\u00e9 \u00e9labor\u00e9 avec une approche inclusive de large consultation. Ainsi, les th\u00e9matiques trait\u00e9es ont \u00e9t\u00e9 d\u00e9finies lors d\u2019un atelier r\u00e9gional organis\u00e9 \u00e0 Brazzaville en f\u00e9vrier 2018 avec la participation des experts de tous les pays membres de la Commission des For\u00eats pour l\u2019Afrique centrale (COMIFAC), auxquels se sont joints des scientifiques internationaux impliqu\u00e9s dans le suivi et la gestion des for\u00eats du bassin du Congo. Par la suite, pr\u00e8s de 180 experts de la sous-r\u00e9gion d\u2019Afrique centrale ou ext\u00e9rieurs, int\u00e9ress\u00e9s par la gestion de ses \u00e9cosyst\u00e8mes forestiers, se sont port\u00e9s volontaires pour la r\u00e9daction des chapitres. Le processus consultatif a aussi inclus l\u2019organisation \u00e0 Kinshasa en d\u00e9cembre 2020 d\u2019un atelier de r\u00e9daction ayant regroup\u00e9 les coordonnateurs des diff\u00e9rents chapitres.<\/p>\n<p>Le pr\u00e9sent rapport a b\u00e9n\u00e9fici\u00e9 d\u2019un appui financier de l\u2019Union europ\u00e9enne \u00e0 travers le projet de Renforcement et Institutionnalisation de l\u2019Observatoire des For\u00eats d\u2019Afrique centrale (RIOFAC), projet mis en \u0153uvre par un consortium d\u2019organisations scientifiques et techniques (CIFOR-ICRAF, CIRAD, FRMi, UCL). Un appui financier compl\u00e9mentaire a \u00e9t\u00e9 mobilis\u00e9 par la coop\u00e9ration technique allemande (GIZ) \u00e0 travers le Partenariat pour les For\u00eats du Bassin du Congo (PFBC)<\/p>\n<p>Le rapport \u00c9tat des For\u00eats 2021 avait d\u00e9j\u00e0 \u00e9t\u00e9 pr\u00e9sent\u00e9 dans le Pavillon COMIFAC au cours du Congr\u00e8s forestier mondial en mai dernier \u00e0 S\u00e9oul.<\/p>\n<\/p><\/div>\n<div>&nbsp;<\/div>\n<div dir=\"auto\" style=\"text-align: start;\">Bien vouloir t\u00e9l\u00e9charger:<\/div>\n<div>\n<p><a href=\"https:\/\/www.observatoire-comifac.net\/file\/eyJtb2RlbCI6IkFwcFxcTW9kZWxzXFxDYXRhbG9ndWVcXE1vZHVsZXNcXEZpbGUiLCJmaWVsZCI6ImRvY3VtZW50X2ZpbGUiLCJpZCI6Mjk2MX0\" target=\"_blank\" rel=\"noopener\"> Rapport int\u00e9gral 2021 <\/a><\/p>\n<p> <\/p>\n<p><a href=\"https:\/\/www.observatoire-comifac.net\/file\/eyJtb2RlbCI6IkFwcFxcTW9kZWxzXFxDYXRhbG9ndWVcXE1vZHVsZXNcXEZpbGUiLCJmaWVsZCI6ImRvY3VtZW50X2ZpbGUiLCJpZCI6Mjk0Nn0\" target=\"_blank\" rel=\"noopener\"> R\u00e9sum\u00e9 du rapport 2021 <\/a><\/p>\n<\/p><\/div>\n<div>&nbsp;<\/div>\n<div dir=\"auto\" style=\"text-align: start;\">&nbsp;<\/div>\n<\/p><\/div>\n<\/p><\/div>\n<\/p><\/div>\n<\/p><\/div>\n<\/p><\/div>\n","protected":false},"excerpt":{"rendered":"<p>Libreville, Gabon, 7 juillet 2022- Lancement officiel de la publication l&rsquo; Etat des For\u00eats du bassin du&hellip;<\/p>\n","protected":false},"author":5,"featured_media":8944,"comment_status":"open","ping_status":"open","sticky":false,"template":"","format":"standard","meta":{"give_campaign_id":0,"rs_blank_template":"","rs_page_bg_color":"","slide_template_v7":"","_jetpack_newsletter_access":"","_jetpack_dont_email_post_to_subs":false,"_jetpack_newsletter_tier_id":0,"_jetpack_memberships_contains_paywalled_content":false,"_jetpack_feature_clip_id":0,"_jetpack_memberships_contains_paid_content":false,"footnotes":"","jetpack_post_was_ever_published":false},"categories":[117],"tags":[],"class_list":["post-8945","post","type-post","status-publish","format-standard","has-post-thumbnail","hentry","category-actualites"],"jetpack_sharing_enabled":true,"jetpack_featured_media_url":"https:\/\/comifac.org\/wp-content\/uploads\/2022\/07\/-Rapport_etat_des_forets_2021.JPG","_links":{"self":[{"href":"https:\/\/comifac.org\/index.php?rest_route=\/wp\/v2\/posts\/8945","targetHints":{"allow":["GET"]}}],"collection":[{"href":"https:\/\/comifac.org\/index.php?rest_route=\/wp\/v2\/posts"}],"about":[{"href":"https:\/\/comifac.org\/index.php?rest_route=\/wp\/v2\/types\/post"}],"author":[{"embeddable":true,"href":"https:\/\/comifac.org\/index.php?rest_route=\/wp\/v2\/users\/5"}],"replies":[{"embeddable":true,"href":"https:\/\/comifac.org\/index.php?rest_route=%2Fwp%2Fv2%2Fcomments&post=8945"}],"version-history":[{"count":0,"href":"https:\/\/comifac.org\/index.php?rest_route=\/wp\/v2\/posts\/8945\/revisions"}],"wp:featuredmedia":[{"embeddable":true,"href":"https:\/\/comifac.org\/index.php?rest_route=\/wp\/v2\/media\/8944"}],"wp:attachment":[{"href":"https:\/\/comifac.org\/index.php?rest_route=%2Fwp%2Fv2%2Fmedia&parent=8945"}],"wp:term":[{"taxonomy":"category","embeddable":true,"href":"https:\/\/comifac.org\/index.php?rest_route=%2Fwp%2Fv2%2Fcategories&post=8945"},{"taxonomy":"post_tag","embeddable":true,"href":"https:\/\/comifac.org\/index.php?rest_route=%2Fwp%2Fv2%2Ftags&post=8945"}],"curies":[{"name":"wp","href":"https:\/\/api.w.org\/{rel}","templated":true}]}}