{"id":8980,"date":"2022-09-22T12:14:09","date_gmt":"2022-09-22T12:14:09","guid":{"rendered":"https:\/\/comifac.org\/preredd-2-la-note-conceptuelle-validee\/"},"modified":"2022-09-22T12:14:09","modified_gmt":"2022-09-22T12:14:09","slug":"preredd-2-la-note-conceptuelle-validee","status":"publish","type":"post","link":"https:\/\/comifac.org\/?p=8980","title":{"rendered":"PREREDD 2: la note conceptuelle valid\u00e9e"},"content":{"rendered":"<p><img fetchpriority=\"high\" decoding=\"async\" class=\" size-full wp-image-8978\" src=\"https:\/\/comifac.org\/wp-content\/uploads\/2022\/09\/PNUD_SE.jpg\" alt=\"\" width=\"1008\" height=\"756\" srcset=\"https:\/\/comifac.org\/wp-content\/uploads\/2022\/09\/PNUD_SE.jpg 1008w, https:\/\/comifac.org\/wp-content\/uploads\/2022\/09\/PNUD_SE-600x450.jpg 600w, https:\/\/comifac.org\/wp-content\/uploads\/2022\/09\/PNUD_SE-400x300.jpg 400w, https:\/\/comifac.org\/wp-content\/uploads\/2022\/09\/PNUD_SE-768x576.jpg 768w, https:\/\/comifac.org\/wp-content\/uploads\/2022\/09\/PNUD_SE-370x278.jpg 370w, https:\/\/comifac.org\/wp-content\/uploads\/2022\/09\/PNUD_SE-760x570.jpg 760w, https:\/\/comifac.org\/wp-content\/uploads\/2022\/09\/PNUD_SE-387x290.jpg 387w, https:\/\/comifac.org\/wp-content\/uploads\/2022\/09\/PNUD_SE-500x375.jpg 500w\" sizes=\"(max-width: 1008px) 100vw, 1008px\" \/><\/p>\n<p class=\"yiv0337178414MsoNormal\"><span style=\"font-size: 11pt; font-family: 'Calibri', sans-serif;\"><\/span><span style=\"font-size: 11pt; font-family: 'Calibri', sans-serif; color: #000000;\"><span style=\"font-size: 11pt; font-family: 'Calibri', sans-serif;\">Douala, Cameroun, 19-21 septembre 2022-<\/span> l\u2019Atelier de validation de la note conceptuelle du Projet d\u2019appui \u00e0 la r\u00e9duction des \u00e9missions de Gaz \u00e0 Effet de Serre (GES) dues \u00e0 la d\u00e9forestation et \u00e0 la d\u00e9gradation des for\u00eats (REDD+) \u00e0 partir des Paiements Bas\u00e9s sur les R\u00e9sultats (RBP) dans le bassin du Congo, ainsi que la Strat\u00e9gie de financement pour la mise en \u0153uvre du Plan de convergence de la COMIFAC Centrale (COMIFAC) a \u00e9t\u00e9 organis\u00e9 par la COMIFAC avec l\u2019appui du Programme des Nations pour le D\u00e9veloppement (PNUD) et du Forum des Nations Unies sur les For\u00eats (FNUF).&nbsp; La rencontre avait pour objectif g\u00e9n\u00e9ral de valider la note conceptuelle dudit Projet.<\/span><\/p>\n<p>  <!--more-->  <\/p>\n<p><span style=\"color: #000000;\">Y ont pris part en pr\u00e9sentiel et en ligne, une vingtaine de participants comprenant les points Focaux Nationaux du Forum des Nations Unies sur les For\u00eats (FNUF), les Autorit\u00e9s Nationales D\u00e9sign\u00e9es du Fonds Vert pour le Climat (FVC) et les Coordonnateurs Nationaux COMIFAC des pays suivants : Burundi, Cameroun, Congo, Gabon, Guin\u00e9e Equatoriale, R\u00e9publique Centrafricaine, R\u00e9publique D\u00e9mocratique du Congo et Tchad, les organisations internationales, les initiatives et institutions suivantes : COMIFAC, PNUD, CIFOR, WWF et Universit\u00e9 de Douala.<\/span><\/p>\n<p><span style=\"color: #000000;\">Bien vouloir t\u00e9l\u00e9charger le communiqu\u00e9 final de ladite rencontre<\/span><\/p>\n<p><span style=\"color: #000000;\"><a href=\"https:\/\/comifac.org\/wp-content\/uploads\/2022\/09\/Communique_Final_atelier_validation_preredd_2_et_stratagie_financement_sept_2022_VF.pdf\" style=\"color: #000000;\">Communiqu\u00e9 final atelier de validation preredd 2<\/a><\/span><\/p>\n","protected":false},"excerpt":{"rendered":"<p>Douala, Cameroun, 19-21 septembre 2022- l\u2019Atelier de validation de la note conceptuelle du Projet d\u2019appui \u00e0 la&hellip;<\/p>\n","protected":false},"author":5,"featured_media":8978,"comment_status":"open","ping_status":"open","sticky":false,"template":"","format":"standard","meta":{"give_campaign_id":0,"rs_blank_template":"","rs_page_bg_color":"","slide_template_v7":"","_jetpack_newsletter_access":"","_jetpack_dont_email_post_to_subs":false,"_jetpack_newsletter_tier_id":0,"_jetpack_memberships_contains_paywalled_content":false,"_jetpack_feature_clip_id":0,"_jetpack_memberships_contains_paid_content":false,"footnotes":"","jetpack_post_was_ever_published":false},"categories":[117],"tags":[],"class_list":["post-8980","post","type-post","status-publish","format-standard","has-post-thumbnail","hentry","category-actualites"],"jetpack_sharing_enabled":true,"jetpack_featured_media_url":"https:\/\/comifac.org\/wp-content\/uploads\/2022\/09\/PNUD_SE.jpg","_links":{"self":[{"href":"https:\/\/comifac.org\/index.php?rest_route=\/wp\/v2\/posts\/8980","targetHints":{"allow":["GET"]}}],"collection":[{"href":"https:\/\/comifac.org\/index.php?rest_route=\/wp\/v2\/posts"}],"about":[{"href":"https:\/\/comifac.org\/index.php?rest_route=\/wp\/v2\/types\/post"}],"author":[{"embeddable":true,"href":"https:\/\/comifac.org\/index.php?rest_route=\/wp\/v2\/users\/5"}],"replies":[{"embeddable":true,"href":"https:\/\/comifac.org\/index.php?rest_route=%2Fwp%2Fv2%2Fcomments&post=8980"}],"version-history":[{"count":0,"href":"https:\/\/comifac.org\/index.php?rest_route=\/wp\/v2\/posts\/8980\/revisions"}],"wp:featuredmedia":[{"embeddable":true,"href":"https:\/\/comifac.org\/index.php?rest_route=\/wp\/v2\/media\/8978"}],"wp:attachment":[{"href":"https:\/\/comifac.org\/index.php?rest_route=%2Fwp%2Fv2%2Fmedia&parent=8980"}],"wp:term":[{"taxonomy":"category","embeddable":true,"href":"https:\/\/comifac.org\/index.php?rest_route=%2Fwp%2Fv2%2Fcategories&post=8980"},{"taxonomy":"post_tag","embeddable":true,"href":"https:\/\/comifac.org\/index.php?rest_route=%2Fwp%2Fv2%2Ftags&post=8980"}],"curies":[{"name":"wp","href":"https:\/\/api.w.org\/{rel}","templated":true}]}}