{"id":8996,"date":"2022-10-04T09:56:09","date_gmt":"2022-10-04T09:56:09","guid":{"rendered":"https:\/\/comifac.org\/allocution-du-premier-ministre-chef-du-gouvernement-anatole-collinet-makosso-a-l-ouverture-du-segment-ministeriel-de-la-reunion-extraordinaire-des-ministres-de-la-comifac\/"},"modified":"2022-10-04T09:56:09","modified_gmt":"2022-10-04T09:56:09","slug":"allocution-du-premier-ministre-chef-du-gouvernement-anatole-collinet-makosso-a-l-ouverture-du-segment-ministeriel-de-la-reunion-extraordinaire-des-ministres-de-la-comifac","status":"publish","type":"post","link":"https:\/\/comifac.org\/?p=8996","title":{"rendered":"ALLOCUTION DU PREMIER MINISTRE, CHEF DU GOUVERNEMENT ANATOLE COLLINET MAKOSSO A L\u2019OUVERTURE DU SEGMENT MINISTERIEL DE LA REUNION EXTRAORDINAIRE DES MINISTRES DE LA COMIFAC"},"content":{"rendered":"<p><img fetchpriority=\"high\" decoding=\"async\" class=\" size-full wp-image-8995\" src=\"https:\/\/comifac.org\/wp-content\/uploads\/2022\/10\/Table_dhonneur_PM_CONGO.jpg\" alt=\"\" width=\"1024\" height=\"682\" srcset=\"https:\/\/comifac.org\/wp-content\/uploads\/2022\/10\/Table_dhonneur_PM_CONGO.jpg 1024w, https:\/\/comifac.org\/wp-content\/uploads\/2022\/10\/Table_dhonneur_PM_CONGO-600x400.jpg 600w, https:\/\/comifac.org\/wp-content\/uploads\/2022\/10\/Table_dhonneur_PM_CONGO-400x266.jpg 400w, https:\/\/comifac.org\/wp-content\/uploads\/2022\/10\/Table_dhonneur_PM_CONGO-768x512.jpg 768w, https:\/\/comifac.org\/wp-content\/uploads\/2022\/10\/Table_dhonneur_PM_CONGO-370x246.jpg 370w, https:\/\/comifac.org\/wp-content\/uploads\/2022\/10\/Table_dhonneur_PM_CONGO-760x506.jpg 760w, https:\/\/comifac.org\/wp-content\/uploads\/2022\/10\/Table_dhonneur_PM_CONGO-387x258.jpg 387w, https:\/\/comifac.org\/wp-content\/uploads\/2022\/10\/Table_dhonneur_PM_CONGO-500x333.jpg 500w\" sizes=\"(max-width: 1024px) 100vw, 1024px\" \/><\/p>\n<p><span style=\"color: #090a09; font-family: Verdana, sans-serif; font-size: 15px;\">Kint\u00e9l\u00e9, Congo, 30 septembre 2022 -L&rsquo;integralit\u00e9 du discours du Premier Ministre, Chef du Gouvernement de la R\u00e9publique du Congo Anatole Collinet Makosso a l&rsquo; ouverture de la R\u00e9union extraordinaire des Ministres d\u2019Afrique Centrale pr\u00e9paratoire aux diff\u00e9rentes COP en 2022 sur la lutte contre les crimes qui portent atteinte \u00e0 l\u2019environnement, en pr\u00e9sence des membres du Gouvernement, des Ministres des pays membres de la COMIFAC et des experts.<\/span><\/p>\n<p>  <!--more-->  <\/p>\n<p>&nbsp;<\/p>\n<p style=\"margin: 0px; padding-top: 0px; padding-bottom: 1em; border: 0px; outline: 0px; font-size: 14px; vertical-align: baseline; background-image: initial; background-position: initial; background-repeat: initial; background-attachment: initial; color: #666666; font-family: 'Open Sans', Arial, sans-serif; text-align: justify;\"><span style=\"margin: 0px; padding: 0px; border: 0px; outline: 0px; vertical-align: baseline; background: transparent; font-weight: bold;\">Mesdames et Messieurs les Membres du Gouvernement ;<\/span><\/p>\n<p style=\"margin: 0px; padding-top: 0px; padding-bottom: 1em; border: 0px; outline: 0px; font-size: 14px; vertical-align: baseline; background-image: initial; background-position: initial; background-repeat: initial; background-attachment: initial; color: #666666; font-family: 'Open Sans', Arial, sans-serif; text-align: justify;\"><span style=\"margin: 0px; padding: 0px; border: 0px; outline: 0px; vertical-align: baseline; background: transparent; font-weight: bold;\">\u00b7<\/span><span style=\"margin: 0px; padding: 0px; border: 0px; outline: 0px; vertical-align: baseline; background: transparent; font-weight: bold;\">&nbsp; Monsieur le Ministre des For\u00eats et de la Faune du Cameroun, Pr\u00e9sident en Exercice du Conseil des Ministres de la Commission des For\u00eats d\u2019Afrique Centrale ;<\/span><\/p>\n<p style=\"margin: 0px; padding-top: 0px; padding-bottom: 1em; border: 0px; outline: 0px; font-size: 14px; vertical-align: baseline; background-image: initial; background-position: initial; background-repeat: initial; background-attachment: initial; color: #666666; font-family: 'Open Sans', Arial, sans-serif; text-align: justify;\"><span style=\"margin: 0px; padding: 0px; border: 0px; outline: 0px; vertical-align: baseline; background: transparent; font-weight: bold;\">\u00b7<\/span><span style=\"margin: 0px; padding: 0px; border: 0px; outline: 0px; vertical-align: baseline; background: transparent; font-weight: bold;\">&nbsp; Mesdames et Messieurs les Ministres des For\u00eats et de l\u2019Environnement des pays membres de la COMIFAC ;<\/span><\/p>\n<p style=\"margin: 0px; padding-top: 0px; padding-bottom: 1em; border: 0px; outline: 0px; font-size: 14px; vertical-align: baseline; background-image: initial; background-position: initial; background-repeat: initial; background-attachment: initial; color: #666666; font-family: 'Open Sans', Arial, sans-serif; text-align: justify;\"><span style=\"margin: 0px; padding: 0px; border: 0px; outline: 0px; vertical-align: baseline; background: transparent; font-weight: bold;\">\u00b7<\/span><span style=\"margin: 0px; padding: 0px; border: 0px; outline: 0px; vertical-align: baseline; background: transparent; font-weight: bold;\">&nbsp; Excellences Messieurs les Ambassadeurs et chefs de mission diplomatique ;<\/span><\/p>\n<p style=\"margin: 0px; padding-top: 0px; padding-bottom: 1em; border: 0px; outline: 0px; font-size: 14px; vertical-align: baseline; background-image: initial; background-position: initial; background-repeat: initial; background-attachment: initial; color: #666666; font-family: 'Open Sans', Arial, sans-serif; text-align: justify;\"><span style=\"margin: 0px; padding: 0px; border: 0px; outline: 0px; vertical-align: baseline; background: transparent; font-weight: bold;\">\u00b7<\/span><span style=\"margin: 0px; padding: 0px; border: 0px; outline: 0px; vertical-align: baseline; background: transparent; font-weight: bold;\">&nbsp; Monsieur le Repr\u00e9sentant du Pr\u00e9sident de la Communaut\u00e9 Economique des Etats d\u2019Afrique Centrale ;<\/span><\/p>\n<p style=\"margin: 0px; padding-top: 0px; padding-bottom: 1em; border: 0px; outline: 0px; font-size: 14px; vertical-align: baseline; background-image: initial; background-position: initial; background-repeat: initial; background-attachment: initial; color: #666666; font-family: 'Open Sans', Arial, sans-serif; text-align: justify;\"><span style=\"margin: 0px; padding: 0px; border: 0px; outline: 0px; vertical-align: baseline; background: transparent; font-weight: bold;\">\u00b7<\/span><span style=\"margin: 0px; padding: 0px; border: 0px; outline: 0px; vertical-align: baseline; background: transparent; font-weight: bold;\">&nbsp; Monsieur le Secr\u00e9taire Ex\u00e9cutif de la Commission des For\u00eats d\u2019Afrique centrale ;<\/span><\/p>\n<p style=\"margin: 0px; padding-top: 0px; padding-bottom: 1em; border: 0px; outline: 0px; font-size: 14px; vertical-align: baseline; background-image: initial; background-position: initial; background-repeat: initial; background-attachment: initial; color: #666666; font-family: 'Open Sans', Arial, sans-serif; text-align: justify;\"><span style=\"margin: 0px; padding: 0px; border: 0px; outline: 0px; vertical-align: baseline; background: transparent; font-weight: bold;\">\u00b7&nbsp; Monsieur le Directeur R\u00e9gional de l\u2019Office des Nations Unies contre les Drogues et les Crimes pour l\u2019Afrique de l\u2019Ouest et du Centre ;<\/span><\/p>\n<p style=\"margin: 0px; padding-top: 0px; padding-bottom: 1em; border: 0px; outline: 0px; font-size: 14px; vertical-align: baseline; background-image: initial; background-position: initial; background-repeat: initial; background-attachment: initial; color: #666666; font-family: 'Open Sans', Arial, sans-serif; text-align: justify;\"><span style=\"margin: 0px; padding: 0px; border: 0px; outline: 0px; vertical-align: baseline; background: transparent; font-weight: bold;\">\u00b7<\/span><span style=\"margin: 0px; padding: 0px; border: 0px; outline: 0px; vertical-align: baseline; background: transparent; font-weight: bold;\">&nbsp; Monsieur le Facilitateur du Partenariat pour les For\u00eats du Bassin du Congo (PFDC) ;<\/span><\/p>\n<p style=\"margin: 0px; padding-top: 0px; padding-bottom: 1em; border: 0px; outline: 0px; font-size: 14px; vertical-align: baseline; background-image: initial; background-position: initial; background-repeat: initial; background-attachment: initial; color: #666666; font-family: 'Open Sans', Arial, sans-serif; text-align: justify;\"><span style=\"margin: 0px; padding: 0px; border: 0px; outline: 0px; vertical-align: baseline; background: transparent; font-weight: bold;\">\u00b7<\/span><span style=\"margin: 0px; padding: 0px; border: 0px; outline: 0px; vertical-align: baseline; background: transparent; font-weight: bold;\">&nbsp; Madame la Mairesse de Kint\u00e9l\u00e9 ;<\/span><\/p>\n<p style=\"margin: 0px; padding-top: 0px; padding-bottom: 1em; border: 0px; outline: 0px; font-size: 14px; vertical-align: baseline; background-image: initial; background-position: initial; background-repeat: initial; background-attachment: initial; color: #666666; font-family: 'Open Sans', Arial, sans-serif; text-align: justify;\"><span style=\"margin: 0px; padding: 0px; border: 0px; outline: 0px; vertical-align: baseline; background: transparent; font-weight: bold;\">\u00b7<\/span><span style=\"margin: 0px; padding: 0px; border: 0px; outline: 0px; vertical-align: baseline; background: transparent; font-weight: bold;\">&nbsp; Distingu\u00e9s invit\u00e9s,<\/span><\/p>\n<p style=\"margin: 0px; padding-top: 0px; padding-bottom: 1em; border: 0px; outline: 0px; font-size: 14px; vertical-align: baseline; background-image: initial; background-position: initial; background-repeat: initial; background-attachment: initial; color: #666666; font-family: 'Open Sans', Arial, sans-serif; text-align: justify;\"><span style=\"margin: 0px; padding: 0px; border: 0px; outline: 0px; vertical-align: baseline; background: transparent; font-weight: bold;\">\u00b7<\/span><span style=\"margin: 0px; padding: 0px; border: 0px; outline: 0px; vertical-align: baseline; background: transparent; font-weight: bold;\">&nbsp; Mesdames et Messieurs.<\/span><\/p>\n<p style=\"margin: 0px; padding-top: 0px; padding-bottom: 1em; border: 0px; outline: 0px; font-size: 14px; vertical-align: baseline; background-image: initial; background-position: initial; background-repeat: initial; background-attachment: initial; color: #666666; font-family: 'Open Sans', Arial, sans-serif; text-align: justify;\">Au nom du Pr\u00e9sident de la R\u00e9publique, Chef de l\u2019\u00c9tat, Son Excellence,&nbsp;<span style=\"margin: 0px; padding: 0px; border: 0px; outline: 0px; vertical-align: baseline; background: transparent; font-weight: bold;\">Denis SASSOU NGUESSO<\/span>&nbsp;et \u00e0 mon nom propre, je souhaite la bienvenue en terre congolaise \u00e0 tous les participants. Il vous souviendra que l\u2019acte fondateur de la Commission des For\u00eats d\u2019Afrique Centrale (<span style=\"margin: 0px; padding: 0px; border: 0px; outline: 0px; vertical-align: baseline; background: transparent; font-weight: bold;\">COMIFAC<\/span>) a \u00e9t\u00e9 sign\u00e9 \u00e0 Brazzaville le 5 f\u00e9vrier 2005. C\u2019est donc un honneur pour notre pays, la R\u00e9publique du Congo, d\u2019accueillir, de mani\u00e8re r\u00e9guli\u00e8re, les r\u00e9unions de cette institution.<\/p>\n<p style=\"margin: 0px; padding-top: 0px; padding-bottom: 1em; border: 0px; outline: 0px; font-size: 14px; vertical-align: baseline; background-image: initial; background-position: initial; background-repeat: initial; background-attachment: initial; color: #666666; font-family: 'Open Sans', Arial, sans-serif; text-align: justify;\">Dans l\u2019\u00e9lan, permettez que j\u2019exprime notre profonde gratitude \u00e0 la COMIFAC qui a bien voulu renouveler son choix sur la R\u00e9publique du Congo pour abriter cette session extraordinaire des ministres, pr\u00e9lude, \u00e0 la participation de notre sous-r\u00e9gion aux diff\u00e9rentes conf\u00e9rences des parties : sur le climat, la biodiversit\u00e9 et le commerce illicite des esp\u00e8ces sauvages.<\/p>\n<p style=\"margin: 0px; padding-top: 0px; padding-bottom: 1em; border: 0px; outline: 0px; font-size: 14px; vertical-align: baseline; background-image: initial; background-position: initial; background-repeat: initial; background-attachment: initial; color: #666666; font-family: 'Open Sans', Arial, sans-serif; text-align: justify;\">Je saisis cette occasion qui m\u2019est offerte pour saluer les r\u00e9alisations de la COMIFAC dans le cadre de la mise en \u0153uvre de la D\u00e9claration de Yaound\u00e9 de mars 1999 dans laquelle nos Chefs d\u2019Etat et de Gouvernement se sont engag\u00e9s pour la Conservation et la gestion durable concert\u00e9e des \u00e9cosyst\u00e8mes forestiers d\u2019Afrique centrale.<\/p>\n<p style=\"margin: 0px; padding-top: 0px; padding-bottom: 1em; border: 0px; outline: 0px; font-size: 14px; vertical-align: baseline; background-image: initial; background-position: initial; background-repeat: initial; background-attachment: initial; color: #666666; font-family: 'Open Sans', Arial, sans-serif; text-align: justify;\">En d\u00e9pit des difficult\u00e9s financi\u00e8res que connait notre institution, force est de constater qu\u2019elle ne cesse de m\u00e9nager des efforts pour renforcer la visibilit\u00e9 de notre combat pour la conservation de la biodiversit\u00e9 et la lutte contre les changements climatiques.<\/p>\n<p style=\"margin: 0px; padding-top: 0px; padding-bottom: 1em; border: 0px; outline: 0px; font-size: 14px; vertical-align: baseline; background-image: initial; background-position: initial; background-repeat: initial; background-attachment: initial; color: #666666; font-family: 'Open Sans', Arial, sans-serif; text-align: justify;\">C\u2019est ici et maintenant que j\u2019invite tous les pays membres de la COMIFAC \u00e0 honorer leurs engagements, notamment l\u2019acquittement de leurs contributions financi\u00e8res.<\/p>\n<p style=\"margin: 0px; padding-top: 0px; padding-bottom: 1em; border: 0px; outline: 0px; font-size: 14px; vertical-align: baseline; background-image: initial; background-position: initial; background-repeat: initial; background-attachment: initial; color: #666666; font-family: 'Open Sans', Arial, sans-serif; text-align: justify;\"><span style=\"margin: 0px; padding: 0px; border: 0px; outline: 0px; vertical-align: baseline; background: transparent; font-weight: bold;\">Mesdames et Messieurs,<\/span><\/p>\n<p style=\"margin: 0px; padding-top: 0px; padding-bottom: 1em; border: 0px; outline: 0px; font-size: 14px; vertical-align: baseline; background-image: initial; background-position: initial; background-repeat: initial; background-attachment: initial; color: #666666; font-family: 'Open Sans', Arial, sans-serif; text-align: justify;\">L\u2019Afrique centrale reste l\u2019une des seules r\u00e9gions au monde qui absorbe plus de carbone qu\u2019elle n\u2019en \u00e9met. C\u2019est la raison pour laquelle, les actions qui viennent soutenir la protection du premier poumon en termes de bilan carbone des bassins tropicaux net positif du monde, ses tourbi\u00e8res et autres \u00e9cosyst\u00e8mes, sont essentielles aux efforts de freinage du r\u00e9chauffement climatique.<\/p>\n<p style=\"margin: 0px; padding-top: 0px; padding-bottom: 1em; border: 0px; outline: 0px; font-size: 14px; vertical-align: baseline; background-image: initial; background-position: initial; background-repeat: initial; background-attachment: initial; color: #666666; font-family: 'Open Sans', Arial, sans-serif; text-align: justify;\">Pour maintenir et accroitre ce niveau d\u2019absorption, les Etats membres de la COMIFAC ont pris un certain nombre de mesures, notamment la cr\u00e9ation de 208 aires prot\u00e9g\u00e9es, soit environ 799.000 km2.<\/p>\n<p style=\"margin: 0px; padding-top: 0px; padding-bottom: 1em; border: 0px; outline: 0px; font-size: 14px; vertical-align: baseline; background-image: initial; background-position: initial; background-repeat: initial; background-attachment: initial; color: #666666; font-family: 'Open Sans', Arial, sans-serif; text-align: justify;\">Nos \u00c9tats font aussi d\u2019importants efforts pour la gestion durable des for\u00eats, en t\u00e9moigne le faible niveau de d\u00e9forestation.<\/p>\n<p style=\"margin: 0px; padding-top: 0px; padding-bottom: 1em; border: 0px; outline: 0px; font-size: 14px; vertical-align: baseline; background-image: initial; background-position: initial; background-repeat: initial; background-attachment: initial; color: #666666; font-family: 'Open Sans', Arial, sans-serif; text-align: justify;\">A ce jour, l\u2019Afrique centrale peut se f\u00e9liciter des 24 millions d\u2019hectares de for\u00eats am\u00e9nag\u00e9es dont 5,3 millions certifi\u00e9es suivant des standards de \u00ab gestion responsable \u00bb. D\u00e9j\u00e0, plusieurs programmes de restauration des zones d\u00e9grad\u00e9es sont en cours.<\/p>\n<p style=\"margin: 0px; padding-top: 0px; padding-bottom: 1em; border: 0px; outline: 0px; font-size: 14px; vertical-align: baseline; background-image: initial; background-position: initial; background-repeat: initial; background-attachment: initial; color: #666666; font-family: 'Open Sans', Arial, sans-serif; text-align: justify;\">En retour, notre sous-r\u00e9gion devrait b\u00e9n\u00e9ficier d\u2019un financement proportionnel \u00e0 son potentiel effectif d\u2019att\u00e9nuation du climat, \u00e0 savoir de 26 \u00e0 30 % de l\u2019ensemble du financement climatique. Il est plus que temps de mutualiser nos \u00e9nergies r\u00e9gionales \u00e0 l\u2019effet de la mobilisation des ressources financi\u00e8res.<\/p>\n<p style=\"margin: 0px; padding-top: 0px; padding-bottom: 1em; border: 0px; outline: 0px; font-size: 14px; vertical-align: baseline; background-image: initial; background-position: initial; background-repeat: initial; background-attachment: initial; color: #666666; font-family: 'Open Sans', Arial, sans-serif; text-align: justify;\">Selon des \u00e9tudes r\u00e9centes, il est relev\u00e9 que l\u2019Afrique centrale est reconnue comme source et point de transit important du trafic des ressources naturelles. Le montant estim\u00e9 pour ce r\u00e9seau de criminels organis\u00e9s est estim\u00e9 \u00e0 cent cinquante-quatre (154) milliards de FCFA, des sommes qui \u00e9chappent aux \u00e9conomies des \u00c9tats d\u2019Afrique Centrale.<\/p>\n<p style=\"margin: 0px; padding-top: 0px; padding-bottom: 1em; border: 0px; outline: 0px; font-size: 14px; vertical-align: baseline; background-image: initial; background-position: initial; background-repeat: initial; background-attachment: initial; color: #666666; font-family: 'Open Sans', Arial, sans-serif; text-align: justify;\">Aussi, nos \u00c9tats doivent-ils d\u00e9velopper un dispositif l\u00e9gal et institutionnel contre la criminalit\u00e9 environnementale en Afrique centrale. Dans cette perspective, ils doivent donner la robustesse et de la v\u00e9locit\u00e9 \u00e0 nos syst\u00e8mes d\u2019alerte dans la Communaut\u00e9.<\/p>\n<p style=\"margin: 0px; padding-top: 0px; padding-bottom: 1em; border: 0px; outline: 0px; font-size: 14px; vertical-align: baseline; background-image: initial; background-position: initial; background-repeat: initial; background-attachment: initial; color: #666666; font-family: 'Open Sans', Arial, sans-serif; text-align: justify;\">S\u2019agissant des n\u00e9gociations dans les Conf\u00e9rences des Parties, notre sous-r\u00e9gion doit parler d\u2019une seule voix, mani\u00e8re de faire valoir notre plaidoyer commun.<\/p>\n<p style=\"margin: 0px; padding-top: 0px; padding-bottom: 1em; border: 0px; outline: 0px; font-size: 14px; vertical-align: baseline; background-image: initial; background-position: initial; background-repeat: initial; background-attachment: initial; color: #666666; font-family: 'Open Sans', Arial, sans-serif; text-align: justify;\"><span style=\"margin: 0px; padding: 0px; border: 0px; outline: 0px; vertical-align: baseline; background: transparent; font-weight: bold;\">Mesdames et Messieurs les Experts,<\/span><\/p>\n<p style=\"margin: 0px; padding-top: 0px; padding-bottom: 1em; border: 0px; outline: 0px; font-size: 14px; vertical-align: baseline; background-image: initial; background-position: initial; background-repeat: initial; background-attachment: initial; color: #666666; font-family: 'Open Sans', Arial, sans-serif; text-align: justify;\">Deux jours durant, vous avez travaill\u00e9 avec abn\u00e9gation pour la production des positions communes de notre sous-r\u00e9gion sur les th\u00e9matiques des n\u00e9gociations qui devront avoir lieu dans les mois \u00e0 venir. Je vous en f\u00e9licite.<\/p>\n<p style=\"margin: 0px; padding-top: 0px; padding-bottom: 1em; border: 0px; outline: 0px; font-size: 14px; vertical-align: baseline; background-image: initial; background-position: initial; background-repeat: initial; background-attachment: initial; color: #666666; font-family: 'Open Sans', Arial, sans-serif; text-align: justify;\">Sur ce, je d\u00e9clare donc ouverte, la R\u00e9union extraordinaire des Ministres d\u2019Afrique centrale pr\u00e9paratoire aux diff\u00e9rentes COP en 2022 sur la lutte contre les crimes qui portent atteinte \u00e0 l\u2019environnement.<\/p>\n<p style=\"margin: 0px; padding-top: 0px; padding-bottom: 1em; border: 0px; outline: 0px; font-size: 14px; vertical-align: baseline; background-image: initial; background-position: initial; background-repeat: initial; background-attachment: initial; color: #666666; font-family: 'Open Sans', Arial, sans-serif; text-align: justify;\"><span style=\"margin: 0px; padding: 0px; border: 0px; outline: 0px; vertical-align: baseline; background: transparent; font-weight: bold;\">Vive la coop\u00e9ration internationale ;<br \/>Vive la COMIFAC ;<br \/>Je vous remercie.<\/span><\/p>\n","protected":false},"excerpt":{"rendered":"<p>Kint\u00e9l\u00e9, Congo, 30 septembre 2022 -L&rsquo;integralit\u00e9 du discours du Premier Ministre, Chef du Gouvernement de la R\u00e9publique&hellip;<\/p>\n","protected":false},"author":5,"featured_media":8995,"comment_status":"open","ping_status":"open","sticky":false,"template":"","format":"standard","meta":{"give_campaign_id":0,"rs_blank_template":"","rs_page_bg_color":"","slide_template_v7":"","_jetpack_newsletter_access":"","_jetpack_dont_email_post_to_subs":false,"_jetpack_newsletter_tier_id":0,"_jetpack_memberships_contains_paywalled_content":false,"_jetpack_feature_clip_id":0,"_jetpack_memberships_contains_paid_content":false,"footnotes":"","jetpack_post_was_ever_published":false},"categories":[117],"tags":[],"class_list":["post-8996","post","type-post","status-publish","format-standard","has-post-thumbnail","hentry","category-actualites"],"jetpack_sharing_enabled":true,"jetpack_featured_media_url":"https:\/\/comifac.org\/wp-content\/uploads\/2022\/10\/Table_dhonneur_PM_CONGO.jpg","_links":{"self":[{"href":"https:\/\/comifac.org\/index.php?rest_route=\/wp\/v2\/posts\/8996","targetHints":{"allow":["GET"]}}],"collection":[{"href":"https:\/\/comifac.org\/index.php?rest_route=\/wp\/v2\/posts"}],"about":[{"href":"https:\/\/comifac.org\/index.php?rest_route=\/wp\/v2\/types\/post"}],"author":[{"embeddable":true,"href":"https:\/\/comifac.org\/index.php?rest_route=\/wp\/v2\/users\/5"}],"replies":[{"embeddable":true,"href":"https:\/\/comifac.org\/index.php?rest_route=%2Fwp%2Fv2%2Fcomments&post=8996"}],"version-history":[{"count":0,"href":"https:\/\/comifac.org\/index.php?rest_route=\/wp\/v2\/posts\/8996\/revisions"}],"wp:featuredmedia":[{"embeddable":true,"href":"https:\/\/comifac.org\/index.php?rest_route=\/wp\/v2\/media\/8995"}],"wp:attachment":[{"href":"https:\/\/comifac.org\/index.php?rest_route=%2Fwp%2Fv2%2Fmedia&parent=8996"}],"wp:term":[{"taxonomy":"category","embeddable":true,"href":"https:\/\/comifac.org\/index.php?rest_route=%2Fwp%2Fv2%2Fcategories&post=8996"},{"taxonomy":"post_tag","embeddable":true,"href":"https:\/\/comifac.org\/index.php?rest_route=%2Fwp%2Fv2%2Ftags&post=8996"}],"curies":[{"name":"wp","href":"https:\/\/api.w.org\/{rel}","templated":true}]}}