{"id":9000,"date":"2022-10-05T14:36:52","date_gmt":"2022-10-05T14:36:52","guid":{"rendered":"https:\/\/comifac.org\/cop27-appel-a-proposition-d-evenement-parallele-au-pavillon-comifac-eccas-initiatives-pavilion\/"},"modified":"2022-10-05T14:36:52","modified_gmt":"2022-10-05T14:36:52","slug":"cop27-appel-a-proposition-d-evenement-parallele-au-pavillon-comifac-eccas-initiatives-pavilion","status":"publish","type":"post","link":"https:\/\/comifac.org\/?p=9000","title":{"rendered":"COP27: Appel \u00e0 proposition d\u2019\u00e9v\u00e8nement parall\u00e8le au pavillon \u00ab COMIFAC-ECCAS Initiatives Pavilion\u00bb"},"content":{"rendered":"<p><img decoding=\"async\" src=\"images\/tu00e9lu00e9chargu00e9.png\" alt=\"\" \/><\/p>\n<p style=\"margin: 0.2em 0px 0.4em; color: #333333; font-family: Ubuntu, sans-serif; font-size: 16px; text-align: justify;\">La Commission des For\u00eats d\u2019Afrique centrale (COMIFAC) et la Communaut\u00e9 Economique des Etats de l&rsquo;Afrique Centrale (CEEAC) en \u00e9troite collaboration avec la Facilitation de la R\u00e9publique F\u00e9d\u00e9rale d\u2019Allemagne du Partenariat pour les For\u00eats du Bassin du Congo (PFBC), &nbsp;l\u2019Initiative pour la for\u00eat de l&rsquo;Afrique centrale (CAFI) et le Programme GIZ d\u2019appui \u00e0 la COMIFAC a le plaisir de lancer&nbsp;<strong>un appel \u00e0 propositions<\/strong>&nbsp;pour accueillir des \u00e9v\u00e9nements parall\u00e8les au Pavillon \u00ab&nbsp;<strong>COMIFAC-ECCAS Initiatives Pavilion<\/strong>\u00bb pendant la 27\u00e8me Conf\u00e9rence des Nations Unies sur le changement climatique (COP 27) \u00e0 Charm el-Cheikh, en \u00c9gypte du&nbsp;<strong>6 au 18 &nbsp;Novembre 2022<\/strong>. Il s\u2019agit d\u2019un espace ouvert et communicatif.<\/p>\n<p>  <!--more-->  <\/p>\n<p style=\"margin: 0.2em 0px 0.4em; color: #333333; font-family: Ubuntu, sans-serif; font-size: 16px; text-align: justify;\">&nbsp;<\/p>\n<p style=\"margin: 0.2em 0px 0.4em; color: #333333; font-family: Ubuntu, sans-serif; font-size: 16px; text-align: justify;\">La COMIFAC, la CEEAC et ses partenaires r\u00e9unis au sein du PFBC lancent un appel \u00e0 propositions pour l&rsquo;organisation d&rsquo;\u00e9v\u00e9nements parall\u00e8les&nbsp;<strong>de 90 minutes maximum<\/strong>&nbsp;sur le Pavillon&nbsp;<strong>\u00ab COMIFAC-ECCAS Initiatives Pavilion \u00bb,&nbsp;<\/strong>sur le site o\u00f9 se tiendra la COP27 du&nbsp;<strong>6 au 18 Novembre 2022<\/strong>.<\/p>\n<p class=\"info\" style=\"margin: 0.2em 0px 0.4em; color: #333333; font-family: Ubuntu, sans-serif; font-size: 16px;\"><time datetime=\"2022-10-15T08:18:00+02:00\" itemprop=\"datePublished\">&nbsp;<\/time><\/p>\n<div class=\"ce_text block\" style=\"color: #333333; font-family: Ubuntu, sans-serif; font-size: 16px;\">\n<p style=\"margin: 0.2em 0px 0.4em; text-align: justify;\"><em>Bien vouloir t\u00e9l\u00e9charger les documents ci-dessous:<\/em><\/p>\n<p style=\"margin: 0.2em 0px 0.4em; text-align: justify;\"><em><a href=\"https:\/\/pfbc-cbfp.org\/actualites-partenaires\/COP27-COMIFAC.html?file=files\/docs\/news\/10-2022\/EN%20Final%20COP%2027%20Appel%20%C3%A0%20proposition%20de%20side%20event%20pour%20le%20Pavillon%20COMIFAC-CEEAC%20Initiatives.pdf\" style=\"color: #669c03;\" title=\"T\u00e9l\u00e9charger EN Final COP 27 Appel \u00e0 proposition de side event pour le Pavillon COMIFAC-CEEAC Initiatives.pdf\">EN Final COP 27 Appel \u00e0 proposition de side event pour le Pavillon COMIFAC-CEEAC Initiatives.pdf&nbsp;<span class=\"size\">(722.4 Ko)<\/span><\/a><\/em><\/p>\n<p style=\"margin: 0.2em 0px 0.4em; text-align: justify;\"><em><a href=\"https:\/\/pfbc-cbfp.org\/actualites-partenaires\/COP27-COMIFAC.html?file=files\/docs\/news\/10-2022\/EN%20Final%20COP%2027%20Appel%20%C3%A0%20proposition%20de%20side%20event%20pour%20le%20Pavillon%20COMIFAC-CEEAC%20Initiatives.pdf\" style=\"color: #669c03;\" title=\"T\u00e9l\u00e9charger EN Final COP 27 Appel \u00e0 proposition de side event pour le Pavillon COMIFAC-CEEAC Initiatives.pdf\">EN Final COP 27 Appel \u00e0 proposition de side event pour le Pavillon COMIFAC-CEEAC Initiatives.pdf&nbsp;<span class=\"size\">(722.4 Ko)<\/span><\/a><\/em><\/p>\n<p style=\"margin: 0.2em 0px 0.4em; text-align: justify;\"><em><a href=\"https:\/\/pfbc-cbfp.org\/actualites-partenaires\/COP27-COMIFAC.html?file=files\/docs\/news\/10-2022\/FR_Final_Formulaire_COP27.docx\" style=\"color: #669c03;\" title=\"T\u00e9l\u00e9charger FR_Final_Formulaire_COP27.docx\">FR_Final_Formulaire_COP27.docx&nbsp;<span class=\"size\">(368.5 Ko)<\/span><\/a><\/em><\/p>\n<p style=\"margin: 0.2em 0px 0.4em; text-align: justify;\"><em><a href=\"https:\/\/pfbc-cbfp.org\/actualites-partenaires\/COP27-COMIFAC.html?file=files\/docs\/news\/10-2022\/EN_Final_Formulaire_COP27.docx\" style=\"color: #669c03;\" title=\"T\u00e9l\u00e9charger EN_Final_Formulaire_COP27.docx\">EN_Final_Formulaire_COP27.docx&nbsp;<span class=\"size\">(370.1 Ko)<\/span><\/a><\/em><\/p>\n<\/p><\/div>\n","protected":false},"excerpt":{"rendered":"<p>La Commission des For\u00eats d\u2019Afrique centrale (COMIFAC) et la Communaut\u00e9 Economique des Etats de l&rsquo;Afrique Centrale (CEEAC)&hellip;<\/p>\n","protected":false},"author":5,"featured_media":0,"comment_status":"open","ping_status":"open","sticky":false,"template":"","format":"standard","meta":{"give_campaign_id":0,"rs_blank_template":"","rs_page_bg_color":"","slide_template_v7":"","_jetpack_newsletter_access":"","_jetpack_dont_email_post_to_subs":false,"_jetpack_newsletter_tier_id":0,"_jetpack_memberships_contains_paywalled_content":false,"_jetpack_feature_clip_id":0,"_jetpack_memberships_contains_paid_content":false,"footnotes":"","jetpack_post_was_ever_published":false},"categories":[117],"tags":[],"class_list":["post-9000","post","type-post","status-publish","format-standard","hentry","category-actualites"],"jetpack_sharing_enabled":true,"jetpack_featured_media_url":"","_links":{"self":[{"href":"https:\/\/comifac.org\/index.php?rest_route=\/wp\/v2\/posts\/9000","targetHints":{"allow":["GET"]}}],"collection":[{"href":"https:\/\/comifac.org\/index.php?rest_route=\/wp\/v2\/posts"}],"about":[{"href":"https:\/\/comifac.org\/index.php?rest_route=\/wp\/v2\/types\/post"}],"author":[{"embeddable":true,"href":"https:\/\/comifac.org\/index.php?rest_route=\/wp\/v2\/users\/5"}],"replies":[{"embeddable":true,"href":"https:\/\/comifac.org\/index.php?rest_route=%2Fwp%2Fv2%2Fcomments&post=9000"}],"version-history":[{"count":0,"href":"https:\/\/comifac.org\/index.php?rest_route=\/wp\/v2\/posts\/9000\/revisions"}],"wp:attachment":[{"href":"https:\/\/comifac.org\/index.php?rest_route=%2Fwp%2Fv2%2Fmedia&parent=9000"}],"wp:term":[{"taxonomy":"category","embeddable":true,"href":"https:\/\/comifac.org\/index.php?rest_route=%2Fwp%2Fv2%2Fcategories&post=9000"},{"taxonomy":"post_tag","embeddable":true,"href":"https:\/\/comifac.org\/index.php?rest_route=%2Fwp%2Fv2%2Ftags&post=9000"}],"curies":[{"name":"wp","href":"https:\/\/api.w.org\/{rel}","templated":true}]}}