{"id":9002,"date":"2022-10-05T15:30:19","date_gmt":"2022-10-05T15:30:19","guid":{"rendered":"https:\/\/comifac.org\/precop27-en-rdc-les-travaux-de-kinshasa-s-achevent-sur-l-adoption-des-principaux-points-de-discussion\/"},"modified":"2022-10-05T15:30:19","modified_gmt":"2022-10-05T15:30:19","slug":"precop27-en-rdc-les-travaux-de-kinshasa-s-achevent-sur-l-adoption-des-principaux-points-de-discussion","status":"publish","type":"post","link":"https:\/\/comifac.org\/?p=9002","title":{"rendered":"PRECOP27 EN RDC : Les travaux de Kinshasa s\u2019ach\u00e8vent sur l\u2019adoption des principaux points de discussion"},"content":{"rendered":"<p><img fetchpriority=\"high\" decoding=\"async\" class=\" size-full wp-image-9001\" src=\"https:\/\/comifac.org\/wp-content\/uploads\/2022\/10\/Fin_precop_27.jpeg\" alt=\"\" width=\"1080\" height=\"720\" srcset=\"https:\/\/comifac.org\/wp-content\/uploads\/2022\/10\/Fin_precop_27.jpeg 1080w, https:\/\/comifac.org\/wp-content\/uploads\/2022\/10\/Fin_precop_27-600x400.jpeg 600w, https:\/\/comifac.org\/wp-content\/uploads\/2022\/10\/Fin_precop_27-400x267.jpeg 400w, https:\/\/comifac.org\/wp-content\/uploads\/2022\/10\/Fin_precop_27-1024x683.jpeg 1024w, https:\/\/comifac.org\/wp-content\/uploads\/2022\/10\/Fin_precop_27-768x512.jpeg 768w, https:\/\/comifac.org\/wp-content\/uploads\/2022\/10\/Fin_precop_27-370x247.jpeg 370w, https:\/\/comifac.org\/wp-content\/uploads\/2022\/10\/Fin_precop_27-760x507.jpeg 760w, https:\/\/comifac.org\/wp-content\/uploads\/2022\/10\/Fin_precop_27-387x258.jpeg 387w, https:\/\/comifac.org\/wp-content\/uploads\/2022\/10\/Fin_precop_27-500x333.jpeg 500w\" sizes=\"(max-width: 1080px) 100vw, 1080px\" \/><\/p>\n<p>Kinshasa, R\u00e9publique D\u00e9mocratique du Congo,&nbsp; 05 Octobre 2022<\/p>\n<p>Les assises auxquelles une soixantaine des ministres du Climat prennent part ont \u00e9t\u00e9 organis\u00e9es en marge de la Cop-27 qui se tiendra en novembre de cette ann\u00e9e, \u00e0 Charm El-Cheikh, en Egypte avaient comme objectif commun celui de mener des n\u00e9gociations efficaces qui devront conduire \u00e0 une mise en \u0153uvre imm\u00e9diate \u00e0 la COP27 pr\u00e9vue en \u00c9gypte.<\/p>\n<p>  <!--more-->  <\/p>\n<p>&nbsp;<\/p>\n<p>L\u2019agenda adopt\u00e9 par toutes les parties \u00e0 l\u2019issue des travaux a soulign\u00e9 l\u2019importance d\u2019une COP27 r\u00e9ussie dans les questions de l\u2019adaptation, de l\u2019att\u00e9nuation, de la finance climatique et des pertes et dommages.<br \/> Tout au long de cette Pr\u00e9-COP27, Sameh Shoukry, Ministre \u00c9gyptien des Affaires Etrang\u00e8res et Pr\u00e9sident d\u00e9sign\u00e9 de la COP27 a clairement indiqu\u00e9 qu\u2019il faut \u00e9viter une crise de confiance entre les parties. Ainsi, selon lui, les pays d\u00e9velopp\u00e9s, principaux pollueurs devrons respecter leurs engagements climatiques \u00e0 la COP27.<\/p>\n<p>\u00ab&nbsp;Nous devons cultiver et d\u00e9velopper un sentiment de confiance et de compr\u00e9hension mutuelle. Nous devons tous \u00eatre \u00e0 la hauteur de l\u2019occasion et faire preuve de leadership, mettre de c\u00f4t\u00e9 les int\u00e9r\u00eats nationaux \u00e9troits et appr\u00e9cier le potentiel de la coop\u00e9ration, du compromis et des sc\u00e9narios collectifs de partenariat gagnant-gagnant &nbsp;\u00bb a rappel\u00e9 le Ministre Shoukry.<\/p>\n<p>La 27\u00e8me Conf\u00e9rence des Parties sur le changement climatique se tiendra du 06 au 18 Novembre 2022 \u00e0 Charm el Cheikh en \u00c9gypte.<\/p>\n<p><strong><em><a href=\"https:\/\/medd.gouv.cd\/news\/\">https:\/\/medd.gouv.cd\/news\/<\/a>&nbsp;Michel KOYAPKA<\/em><\/strong><\/p>\n","protected":false},"excerpt":{"rendered":"<p>Kinshasa, R\u00e9publique D\u00e9mocratique du Congo,&nbsp; 05 Octobre 2022 Les assises auxquelles une soixantaine des ministres du Climat&hellip;<\/p>\n","protected":false},"author":5,"featured_media":9001,"comment_status":"open","ping_status":"open","sticky":false,"template":"","format":"standard","meta":{"give_campaign_id":0,"rs_blank_template":"","rs_page_bg_color":"","slide_template_v7":"","_jetpack_newsletter_access":"","_jetpack_dont_email_post_to_subs":false,"_jetpack_newsletter_tier_id":0,"_jetpack_memberships_contains_paywalled_content":false,"_jetpack_feature_clip_id":0,"_jetpack_memberships_contains_paid_content":false,"footnotes":"","jetpack_post_was_ever_published":false},"categories":[117],"tags":[],"class_list":["post-9002","post","type-post","status-publish","format-standard","has-post-thumbnail","hentry","category-actualites"],"jetpack_sharing_enabled":true,"jetpack_featured_media_url":"https:\/\/comifac.org\/wp-content\/uploads\/2022\/10\/Fin_precop_27.jpeg","_links":{"self":[{"href":"https:\/\/comifac.org\/index.php?rest_route=\/wp\/v2\/posts\/9002","targetHints":{"allow":["GET"]}}],"collection":[{"href":"https:\/\/comifac.org\/index.php?rest_route=\/wp\/v2\/posts"}],"about":[{"href":"https:\/\/comifac.org\/index.php?rest_route=\/wp\/v2\/types\/post"}],"author":[{"embeddable":true,"href":"https:\/\/comifac.org\/index.php?rest_route=\/wp\/v2\/users\/5"}],"replies":[{"embeddable":true,"href":"https:\/\/comifac.org\/index.php?rest_route=%2Fwp%2Fv2%2Fcomments&post=9002"}],"version-history":[{"count":0,"href":"https:\/\/comifac.org\/index.php?rest_route=\/wp\/v2\/posts\/9002\/revisions"}],"wp:featuredmedia":[{"embeddable":true,"href":"https:\/\/comifac.org\/index.php?rest_route=\/wp\/v2\/media\/9001"}],"wp:attachment":[{"href":"https:\/\/comifac.org\/index.php?rest_route=%2Fwp%2Fv2%2Fmedia&parent=9002"}],"wp:term":[{"taxonomy":"category","embeddable":true,"href":"https:\/\/comifac.org\/index.php?rest_route=%2Fwp%2Fv2%2Fcategories&post=9002"},{"taxonomy":"post_tag","embeddable":true,"href":"https:\/\/comifac.org\/index.php?rest_route=%2Fwp%2Fv2%2Ftags&post=9002"}],"curies":[{"name":"wp","href":"https:\/\/api.w.org\/{rel}","templated":true}]}}