{"id":9066,"date":"2022-11-18T14:32:40","date_gmt":"2022-11-18T14:32:40","guid":{"rendered":"https:\/\/comifac.org\/faire-netrendre-la-voix-de-l-afrique-centrale-a-la-cop-28\/"},"modified":"2022-11-18T14:32:40","modified_gmt":"2022-11-18T14:32:40","slug":"faire-netrendre-la-voix-de-l-afrique-centrale-a-la-cop-28","status":"publish","type":"post","link":"https:\/\/comifac.org\/?p=9066","title":{"rendered":"Faire entendre la voix de l&rsquo;Afrique centrale \u00e0 la COP 27"},"content":{"rendered":"<p><img fetchpriority=\"high\" decoding=\"async\" class=\" size-full wp-image-9064\" src=\"https:\/\/comifac.org\/wp-content\/uploads\/2022\/11\/Haut_niveau.jpg\" alt=\"\" width=\"1080\" height=\"608\" srcset=\"https:\/\/comifac.org\/wp-content\/uploads\/2022\/11\/Haut_niveau.jpg 1080w, https:\/\/comifac.org\/wp-content\/uploads\/2022\/11\/Haut_niveau-600x338.jpg 600w, https:\/\/comifac.org\/wp-content\/uploads\/2022\/11\/Haut_niveau-400x225.jpg 400w, https:\/\/comifac.org\/wp-content\/uploads\/2022\/11\/Haut_niveau-1024x576.jpg 1024w, https:\/\/comifac.org\/wp-content\/uploads\/2022\/11\/Haut_niveau-768x432.jpg 768w, https:\/\/comifac.org\/wp-content\/uploads\/2022\/11\/Haut_niveau-370x208.jpg 370w, https:\/\/comifac.org\/wp-content\/uploads\/2022\/11\/Haut_niveau-760x428.jpg 760w, https:\/\/comifac.org\/wp-content\/uploads\/2022\/11\/Haut_niveau-387x218.jpg 387w, https:\/\/comifac.org\/wp-content\/uploads\/2022\/11\/Haut_niveau-379x213.jpg 379w, https:\/\/comifac.org\/wp-content\/uploads\/2022\/11\/Haut_niveau-500x281.jpg 500w, https:\/\/comifac.org\/wp-content\/uploads\/2022\/11\/Haut_niveau-270x152.jpg 270w\" sizes=\"(max-width: 1080px) 100vw, 1080px\" \/><\/p>\n<p style=\"text-align: justify;\"><span style=\"font-size: 12pt;\"><span style=\"font-family: arial, helvetica, sans-serif; color: #000000;\">Sharm-el cheick, Egypte, 16 novembre 2022- Malgr\u00e9 un agenda charg\u00e9&nbsp;<\/span>o\u00f9 l<span style=\"font-family: arial, helvetica, sans-serif;\">es reunions se succ\u00e8dent, le Pr\u00e9sident en exercice du conseil des ministres de la COMIFAC le ministre Jules Doret Ndongo travaille sans rel\u00e2che pour faire entendre la voix de la sous-region. Entre r\u00e9unions, tables- rondes, rencontres bilat\u00e9rales, discours en session pl\u00e9ni\u00e8re et conf\u00e9rence de presse, cette COP 27 a \u00e9t\u00e9 l\u2019occasion pour le Pr\u00e9sident en exercice de rappeler l\u2019action de la sous-region en faveur du climat et l\u2019urgence pour les pays d\u00e9velopp\u00e9s d honorer leurs engagements pour le 1<sup>er<\/sup> poumon du monde.<\/span><\/span><\/p>\n<p>  <!--more-->  <\/p>\n<p style=\"text-align: justify;\"><span style=\"font-family: arial, helvetica, sans-serif; color: #000000; font-size: 12pt;\"><\/span><\/p>\n<p style=\"text-align: justify;\"><span style=\"font-family: arial, helvetica, sans-serif; color: #000000; font-size: 12pt;\">&nbsp;\u00ab\u00a0Nous lan\u00e7ons un vibrant appel \u00e0 plus de transparence climatique et la reconnaissance du r\u00f4le cl\u00e9 des for\u00eats et des tourbi\u00e8res du Bassin du Congo dans la r\u00e9gularisation du climat mondial \u00ab\u00a0<\/span><\/p>\n<p style=\"text-align: justify;\"><span style=\"font-family: arial, helvetica, sans-serif; color: #000000; font-size: 12pt;\">&nbsp;L&rsquo;Afrique n&rsquo;a pas acc\u00e8s aux financements dont elle a besoin pour s&rsquo;adapter au changement climatique et respecter les contributions d\u00e9termin\u00e9es au niveau national. Le continent \u00e9met seulement 4% des GES mais est soumis \u00e0 plus de chocs que les autres continents, car \u00e9tant le plus expos\u00e9 aux effets du changement et de la variabilit\u00e9 climatique. Il y a un an \u00e0 Glasgow, les pays du Nord ont promis 1,5 milliards de dollars soutenir le financement du climat dans les pays du bassin du Congo. Depuis lors, nous n\u2019obtenons que de paroles et aucun financement concret. Il est temps de payer, car l&rsquo;Afrique souffre \u00e9norm\u00e9ment de l&rsquo;impact du changement climatique&nbsp;\u00bb.<\/span><\/p>\n<p style=\"text-align: justify;\"><span style=\"font-family: arial, helvetica, sans-serif; color: #000000; font-size: 12pt;\">Lire la <span style=\"color: #3366ff;\"><a href=\"https:\/\/comifac.org\/wp-content\/uploads\/2022\/11\/Declaration_du_PE_COMIFAC_cop27cmp17cma4_RHLS.pdf\" style=\"color: #3366ff;\">D\u00e9claration du Pr\u00e9sident en exercice du Conseil des Ministres de la COMIFAC<\/a><\/span><\/span><\/p>\n","protected":false},"excerpt":{"rendered":"<p>Sharm-el cheick, Egypte, 16 novembre 2022- Malgr\u00e9 un agenda charg\u00e9&nbsp;o\u00f9 les reunions se succ\u00e8dent, le Pr\u00e9sident en&hellip;<\/p>\n","protected":false},"author":5,"featured_media":9064,"comment_status":"open","ping_status":"open","sticky":false,"template":"","format":"standard","meta":{"give_campaign_id":0,"rs_blank_template":"","rs_page_bg_color":"","slide_template_v7":"","_jetpack_newsletter_access":"","_jetpack_dont_email_post_to_subs":false,"_jetpack_newsletter_tier_id":0,"_jetpack_memberships_contains_paywalled_content":false,"_jetpack_feature_clip_id":0,"_jetpack_memberships_contains_paid_content":false,"footnotes":"","jetpack_post_was_ever_published":false},"categories":[117],"tags":[],"class_list":["post-9066","post","type-post","status-publish","format-standard","has-post-thumbnail","hentry","category-actualites"],"jetpack_sharing_enabled":true,"jetpack_featured_media_url":"https:\/\/comifac.org\/wp-content\/uploads\/2022\/11\/Haut_niveau.jpg","_links":{"self":[{"href":"https:\/\/comifac.org\/index.php?rest_route=\/wp\/v2\/posts\/9066","targetHints":{"allow":["GET"]}}],"collection":[{"href":"https:\/\/comifac.org\/index.php?rest_route=\/wp\/v2\/posts"}],"about":[{"href":"https:\/\/comifac.org\/index.php?rest_route=\/wp\/v2\/types\/post"}],"author":[{"embeddable":true,"href":"https:\/\/comifac.org\/index.php?rest_route=\/wp\/v2\/users\/5"}],"replies":[{"embeddable":true,"href":"https:\/\/comifac.org\/index.php?rest_route=%2Fwp%2Fv2%2Fcomments&post=9066"}],"version-history":[{"count":0,"href":"https:\/\/comifac.org\/index.php?rest_route=\/wp\/v2\/posts\/9066\/revisions"}],"wp:featuredmedia":[{"embeddable":true,"href":"https:\/\/comifac.org\/index.php?rest_route=\/wp\/v2\/media\/9064"}],"wp:attachment":[{"href":"https:\/\/comifac.org\/index.php?rest_route=%2Fwp%2Fv2%2Fmedia&parent=9066"}],"wp:term":[{"taxonomy":"category","embeddable":true,"href":"https:\/\/comifac.org\/index.php?rest_route=%2Fwp%2Fv2%2Fcategories&post=9066"},{"taxonomy":"post_tag","embeddable":true,"href":"https:\/\/comifac.org\/index.php?rest_route=%2Fwp%2Fv2%2Ftags&post=9066"}],"curies":[{"name":"wp","href":"https:\/\/api.w.org\/{rel}","templated":true}]}}