{"id":9085,"date":"2022-12-06T10:08:24","date_gmt":"2022-12-06T10:08:24","guid":{"rendered":"https:\/\/comifac.org\/cop-15-quels-sont-les-enjeux-de-la-conference\/"},"modified":"2022-12-06T10:08:24","modified_gmt":"2022-12-06T10:08:24","slug":"cop-15-quels-sont-les-enjeux-de-la-conference","status":"publish","type":"post","link":"https:\/\/comifac.org\/?p=9085","title":{"rendered":"COP 15: quels sont les enjeux de la Conference?"},"content":{"rendered":"<p><img fetchpriority=\"high\" decoding=\"async\" class=\" size-full wp-image-9084\" src=\"https:\/\/comifac.org\/wp-content\/uploads\/2022\/12\/COP_15.jpg\" alt=\"\" width=\"900\" height=\"506\" srcset=\"https:\/\/comifac.org\/wp-content\/uploads\/2022\/12\/COP_15.jpg 900w, https:\/\/comifac.org\/wp-content\/uploads\/2022\/12\/COP_15-600x337.jpg 600w, https:\/\/comifac.org\/wp-content\/uploads\/2022\/12\/COP_15-400x225.jpg 400w, https:\/\/comifac.org\/wp-content\/uploads\/2022\/12\/COP_15-768x432.jpg 768w, https:\/\/comifac.org\/wp-content\/uploads\/2022\/12\/COP_15-370x208.jpg 370w, https:\/\/comifac.org\/wp-content\/uploads\/2022\/12\/COP_15-760x427.jpg 760w, https:\/\/comifac.org\/wp-content\/uploads\/2022\/12\/COP_15-387x218.jpg 387w, https:\/\/comifac.org\/wp-content\/uploads\/2022\/12\/COP_15-379x213.jpg 379w, https:\/\/comifac.org\/wp-content\/uploads\/2022\/12\/COP_15-500x281.jpg 500w, https:\/\/comifac.org\/wp-content\/uploads\/2022\/12\/COP_15-270x152.jpg 270w\" sizes=\"(max-width: 900px) 100vw, 900px\" \/><\/p>\n<p>En 2018, la COP14 avait permis d\u2019avancer sur les engagements volontaires des Etats en mati\u00e8re de protection de la biodiversit\u00e9, et avait mis l\u2019accent sur la n\u00e9cessit\u00e9 de coordonner l\u2019action sur la biodiversit\u00e9 \u00e0 celles men\u00e9es sur le climat ou la lutte contre la d\u00e9sertification et la d\u00e9forestation. Elle avait aussi mis en d\u00e9bat la question du r\u00f4le des communaut\u00e9s locales, notamment indig\u00e8nes, dans la protection des \u00e9cosyst\u00e8mes.<\/p>\n<p>  <!--more-->  <\/p>\n<p>&nbsp;<\/p>\n<p>Cette ann\u00e9e, quatre enjeux seront particuli\u00e8rement importants.<\/p>\n<ul>\n<li>La d\u00e9finition d\u2019objectif de protection plus ambitieux, autour du programme 30\/30<\/li>\n<\/ul>\n<p>Les objectifs d\u2019Aichi pr\u00e9voyaient la mise en place d\u2019aires prot\u00e9g\u00e9es sur 17% des terres et 10% des zones marines. Les textes discut\u00e9s \u00e0 Gen\u00e8ve fixent un objectif plus ambitieux : 30% sur terre et sur mer. C\u2019est l\u2019id\u00e9e du programme 30\/30 : 30% d\u2019aires prot\u00e9g\u00e9es en 2030. L\u2019enjeu est crucial puisque les donn\u00e9es scientifiques, notamment \u00e9manant de l\u2019IPBES, confirment que la mise en place de zones prot\u00e9g\u00e9es, g\u00e9r\u00e9es durablement, exemptes de perturbations humaines, est l\u2019un des leviers les plus efficaces pour pr\u00e9server \u00e9cosyst\u00e8mes et biodiversit\u00e9.<\/p>\n<p><a href=\"https:\/\/www.science.org\/doi\/10.1126\/sciadv.abb2824\"><strong>Les \u00e9tudes r\u00e9centes<\/strong><\/a>&nbsp;plaident m\u00eame pour des chiffres encore plus \u00e9lev\u00e9s, et estiment qu\u2019il faudrait viser autour de 50% de la plan\u00e8te en aire prot\u00e9g\u00e9e pour agir vraiment face \u00e0 l\u2019\u00e9rosion de la biodiversit\u00e9 et la crise des \u00e9cosyst\u00e8mes. Seulement, ces zones ne doivent pas \u00eatre choisies au hasard, et elles doivent correspondre \u00e0 des \u00e9co-r\u00e9gions riches en biodiversit\u00e9 ou critiques du point de vue \u00e9cosyst\u00e9mique. De plus, ces r\u00e9gions ne sont pas r\u00e9parties de fa\u00e7on homog\u00e8ne sur la plan\u00e8te, et l\u2019effort de protection devrait alors peser plus fortement sur certains Etats. Le Costa-Rica pourrait \u00eatre amen\u00e9 \u00e0 prot\u00e9ger plus de 70% de son territoire, le Br\u00e9sil plus de 50%\u2026 La Russie, le Canada, l\u2019Australie, la Chine et les Etats-Unis feraient partie des pays amen\u00e9s \u00e0 faire le plus d\u2019efforts de protection.<\/p>\n<p>Arriver \u00e0 un accord ambitieux sur ce sujet sera certainement complexe, car la protection des zones naturelles entre souvent en contradiction avec les projets d\u2019exploitation de ressources (foresti\u00e8res, mini\u00e8res, agricoles, marines\u2026) qui sont souvent une priorit\u00e9 \u00e9conomique pour ces Etats. Si de nombreux pays affichent de bonnes intentions sur ce sujet, les n\u00e9gociations risquent dans les faits d\u2019\u00eatre difficiles, et il faudra bien d\u00e9finir ce que l\u2019on entend par aire prot\u00e9g\u00e9e.<\/p>\n<ul>\n<li>La mise en place d\u2019un plan de financement international de protection de la biodiversit\u00e9<\/li>\n<\/ul>\n<p>Comme en mati\u00e8re climatique, le financement est un enjeu essentiel de la lutte contre la crise de la biodiversit\u00e9, et une question qui fracture pays riches et pays pauvres. En effet, la plupart des zones naturelles riches en biodiversit\u00e9 (que l\u2019on appelle parfois des hotspots) sont situ\u00e9es dans des pays pauvres ou des pays en d\u00e9veloppement, alors que la plupart des pays riches ont d\u00e9j\u00e0 tr\u00e8s largement d\u00e9grad\u00e9 leur biodiversit\u00e9 et leurs \u00e9cosyst\u00e8mes locaux. Conform\u00e9ment au principe de responsabilit\u00e9 commune mais diff\u00e9renci\u00e9e, les pays riches devraient en th\u00e9orie contribuer financi\u00e8rement aux efforts de protection dans les pays pauvres. Il faudrait donc cr\u00e9er un fond, et l\u2019alimenter, pour financer les projets de conservation, de restauration, ou de transition.<\/p>\n<p>Un groupe de pays r\u00e9unissant des nations africaines, sud-am\u00e9ricaines et asiatiques pousse pour l\u2019adoption d\u2019un fond sp\u00e9cifique, aliment\u00e9 \u00e0 hauteur de 100 milliards par an, et jusqu\u2019\u00e0 700 milliards en 2030. Mais qui acceptera de payer ? \u00c0 quoi serviront les fonds ? Avec quel type de contr\u00f4les ? Toutes ces questions doivent \u00eatre formalis\u00e9es dans le futur accord.<\/p>\n<ul>\n<li>La question de la fin des subventions aux produits nocifs pour la biodiversit\u00e9<\/li>\n<\/ul>\n<p>Autre enjeu fondamental : les subventions aux produits nocifs. Aujourd\u2019hui, la plupart des pays du monde continuent de subventionner des produits ou des mod\u00e8les de production qui d\u00e9gradent la biodiversit\u00e9 et les \u00e9cosyst\u00e8mes : \u00e9nergies fossiles, pesticides et certains mod\u00e8les agricoles, par exemple. Les pr\u00e9-discussions men\u00e9es \u00e0 Gen\u00e8ve appelaient \u00e0 r\u00e9duire de 500 milliards par an ces subventions au niveau international. Le monde associatif, lui, pr\u00e9conise l\u2019arr\u00eat des subventions pour ces produits.<\/p>\n<p>L\u00e0 encore, pas simple de parvenir \u00e0 un consensus, dans la mesure o\u00f9 les politiques int\u00e9rieures d\u00e9pendent bien souvent de ces subventions. On pourrait aussi mentionner les massives subventions per\u00e7ues par les industries des \u00e9nergies fossiles, qui continuent malgr\u00e9 la crise climatique.<\/p>\n<ul>\n<li>La question de l\u2019encadrement de l\u2019Information sur les S\u00e9quences Num\u00e9riques (ISN), c\u2019est-\u00e0-dire l\u2019acc\u00e8s aux ressources g\u00e9n\u00e9tiques de la biodiversit\u00e9<\/li>\n<\/ul>\n<p>Enfin, la question des ISN fera certainement d\u00e9bat \u00e0 la COP15. L\u2019Information sur les S\u00e9quences Num\u00e9riques, terme technique pour un sujet qui l\u2019est tout autant, d\u00e9signe les questions relatives au s\u00e9quen\u00e7age ADN du vivant, et sur son possible encadrement.<\/p>\n<p>Qui peut s\u00e9quencer (et breveter ?) des ressources g\u00e9n\u00e9tiques issues de la biodiversit\u00e9 mondiale ? Dans quelles conditions doit-on ouvrir l\u2019acc\u00e8s \u00e0 ces ressources essentielles ? Comment redistribuer les profits g\u00e9n\u00e9r\u00e9s par les industries qui reposent sur ces s\u00e9quencages ? Derri\u00e8re sur ce sujet, il y a la question plus large de la marchandisation du vivant et de la privatisation des ressources biologiques. Les accords qui seront trouv\u00e9s \u00e0 Montr\u00e9al pourraient servir de base \u00e0 la constitution d\u2019un corpus de r\u00e9gulation sur ce sujet\u2026 Une question fondamentale pour l\u2019avenir.<\/p>\n<p>D\u2019autres sujets comme la sensibilisation, le r\u00f4le des populations indig\u00e8nes ou des minorit\u00e9s dans la protection de la biodiversit\u00e9 ou la mesure d\u2019impact sur la biodiversit\u00e9 seront tr\u00e8s certainement discut\u00e9s. En tout \u00e9tat de cause, cette COP s\u2019annonce comme un sommet charni\u00e8re. \u00c0 quelques jours de son lancement, difficile de dire si elle aboutira \u00e0 un succ\u00e8s similaire \u00e0 celui de l\u2019Accord de Paris, ou si elle aura le m\u00eame destin que la COP15 sur le climat, qui s\u2019\u00e9tait tenue en 2009 \u00e0 Copenhague, et est rest\u00e9e dans les m\u00e9moires comme l\u2019une des plus grandes d\u00e9ceptions des n\u00e9gociations internationales sur l\u2019environnement.<\/p>\n","protected":false},"excerpt":{"rendered":"<p>En 2018, la COP14 avait permis d\u2019avancer sur les engagements volontaires des Etats en mati\u00e8re de protection&hellip;<\/p>\n","protected":false},"author":5,"featured_media":9084,"comment_status":"open","ping_status":"open","sticky":false,"template":"","format":"standard","meta":{"give_campaign_id":0,"rs_blank_template":"","rs_page_bg_color":"","slide_template_v7":"","_jetpack_newsletter_access":"","_jetpack_dont_email_post_to_subs":false,"_jetpack_newsletter_tier_id":0,"_jetpack_memberships_contains_paywalled_content":false,"_jetpack_feature_clip_id":0,"_jetpack_memberships_contains_paid_content":false,"footnotes":"","jetpack_post_was_ever_published":false},"categories":[117],"tags":[],"class_list":["post-9085","post","type-post","status-publish","format-standard","has-post-thumbnail","hentry","category-actualites"],"jetpack_sharing_enabled":true,"jetpack_featured_media_url":"https:\/\/comifac.org\/wp-content\/uploads\/2022\/12\/COP_15.jpg","_links":{"self":[{"href":"https:\/\/comifac.org\/index.php?rest_route=\/wp\/v2\/posts\/9085","targetHints":{"allow":["GET"]}}],"collection":[{"href":"https:\/\/comifac.org\/index.php?rest_route=\/wp\/v2\/posts"}],"about":[{"href":"https:\/\/comifac.org\/index.php?rest_route=\/wp\/v2\/types\/post"}],"author":[{"embeddable":true,"href":"https:\/\/comifac.org\/index.php?rest_route=\/wp\/v2\/users\/5"}],"replies":[{"embeddable":true,"href":"https:\/\/comifac.org\/index.php?rest_route=%2Fwp%2Fv2%2Fcomments&post=9085"}],"version-history":[{"count":0,"href":"https:\/\/comifac.org\/index.php?rest_route=\/wp\/v2\/posts\/9085\/revisions"}],"wp:featuredmedia":[{"embeddable":true,"href":"https:\/\/comifac.org\/index.php?rest_route=\/wp\/v2\/media\/9084"}],"wp:attachment":[{"href":"https:\/\/comifac.org\/index.php?rest_route=%2Fwp%2Fv2%2Fmedia&parent=9085"}],"wp:term":[{"taxonomy":"category","embeddable":true,"href":"https:\/\/comifac.org\/index.php?rest_route=%2Fwp%2Fv2%2Fcategories&post=9085"},{"taxonomy":"post_tag","embeddable":true,"href":"https:\/\/comifac.org\/index.php?rest_route=%2Fwp%2Fv2%2Ftags&post=9085"}],"curies":[{"name":"wp","href":"https:\/\/api.w.org\/{rel}","templated":true}]}}