{"id":9109,"date":"2022-12-21T07:54:45","date_gmt":"2022-12-21T07:54:45","guid":{"rendered":"https:\/\/comifac.org\/cop-15-nouvelles-du-18-decembre-2022\/"},"modified":"2022-12-21T07:54:45","modified_gmt":"2022-12-21T07:54:45","slug":"cop-15-nouvelles-du-18-decembre-2022","status":"publish","type":"post","link":"https:\/\/comifac.org\/?p=9109","title":{"rendered":"COP 15: Nouvelles du 18 d\u00e9cembre 2022"},"content":{"rendered":"<p><img fetchpriority=\"high\" decoding=\"async\" class=\" size-full wp-image-9108\" src=\"https:\/\/comifac.org\/wp-content\/uploads\/2022\/12\/Public_fair_deal_5.jpg\" alt=\"\" width=\"1152\" height=\"648\" srcset=\"https:\/\/comifac.org\/wp-content\/uploads\/2022\/12\/Public_fair_deal_5.jpg 1152w, https:\/\/comifac.org\/wp-content\/uploads\/2022\/12\/Public_fair_deal_5-600x338.jpg 600w, https:\/\/comifac.org\/wp-content\/uploads\/2022\/12\/Public_fair_deal_5-400x225.jpg 400w, https:\/\/comifac.org\/wp-content\/uploads\/2022\/12\/Public_fair_deal_5-1024x576.jpg 1024w, https:\/\/comifac.org\/wp-content\/uploads\/2022\/12\/Public_fair_deal_5-768x432.jpg 768w, https:\/\/comifac.org\/wp-content\/uploads\/2022\/12\/Public_fair_deal_5-370x208.jpg 370w, https:\/\/comifac.org\/wp-content\/uploads\/2022\/12\/Public_fair_deal_5-760x428.jpg 760w, https:\/\/comifac.org\/wp-content\/uploads\/2022\/12\/Public_fair_deal_5-387x218.jpg 387w, https:\/\/comifac.org\/wp-content\/uploads\/2022\/12\/Public_fair_deal_5-379x213.jpg 379w, https:\/\/comifac.org\/wp-content\/uploads\/2022\/12\/Public_fair_deal_5-500x281.jpg 500w, https:\/\/comifac.org\/wp-content\/uploads\/2022\/12\/Public_fair_deal_5-270x152.jpg 270w\" sizes=\"(max-width: 1152px) 100vw, 1152px\" \/><\/p>\n<p>Montr\u00e9al, Canada, 18 decembre 2022- Les d\u00e9l\u00e9gu\u00e9s des r\u00e9gions ont continu\u00e9 d\u2019examiner le projet de cadre mondial pour la biodiversit\u00e9 (GBF) et d\u2019autres points le 16 d\u00e9cembre 2022 o\u00f9 Montr\u00e9al recevait sa premi\u00e8re temp\u00eate de neige de cet hiver. Le segment de haut niveau s\u2019est poursuivi, les orateurs soulignant l\u2019urgence de s\u2019attaquer \u00e0 la perte de biodiversit\u00e9. Les n\u00e9gociations sur le FGB ont progress\u00e9 sur ses sections, y compris sur la responsabilit\u00e9 et la transparence, et la communication, l\u2019\u00e9ducation, la sensibilisation et l\u2019adoption, ainsi que sur l\u2019objectif 17 sur la biotechnologie.<\/p>\n<p>  <!--more-->  <\/p>\n<p>Le groupe de contact sur les informations de s\u00e9quen\u00e7age num\u00e9rique (DSI) a examin\u00e9 un document officieux r\u00e9vis\u00e9 comprenant deux options : la premi\u00e8re \u00e9tablissant un processus sur la voie \u00e0 suivre, et la seconde \u00e9tablissant un m\u00e9canisme mondial de partage des avantages et un processus pour sa mise en \u0153uvre. Les d\u00e9l\u00e9gu\u00e9s ont reconnu le travail constructif accompli et ont transmis le document officieux au Groupe de travail I pour examen. L\u2019approche multidimensionnelle renforc\u00e9e de la planification, du suivi, de l\u2019\u00e9tablissement de rapports et de l\u2019examen a \u00e9t\u00e9 au centre des d\u00e9lib\u00e9rations de plus d\u2019un groupe, soulignant les liens \u00e9troits entre les points de l\u2019ordre du jour. Le Groupe de travail II s\u2019est attach\u00e9 \u00e0 finaliser les projets de d\u00e9cision sur divers points de l\u2019ordre du jour, notamment sur les liens entre la diversit\u00e9 biologique et les changements climatiques et la sant\u00e9. Les d\u00e9l\u00e9gu\u00e9s ont approuv\u00e9 le projet de d\u00e9cision sur la biodiversit\u00e9 et la sant\u00e9, seuls les points li\u00e9s \u00e0 l\u2019ISN restant en suspens. Dans le projet de d\u00e9cision, la Conf\u00e9rence des Parties demande l\u2019ach\u00e8vement d\u2019un projet de plan d\u2019action mondial visant \u00e0 int\u00e9grer les liens entre la diversit\u00e9 biologique et la sant\u00e9 dans les politiques nationales. Des divergences de vues persistaient en ce qui concerne la r\u00e9f\u00e9rence au principe des responsabilit\u00e9s communes mais diff\u00e9renci\u00e9es dans le projet de d\u00e9cision sur la diversit\u00e9 biologique et les changements climatiques. Dans la soir\u00e9e du 16 d\u00e9cembre, le Groupe de travail a d\u00e9cid\u00e9 de reporter l\u2019examen de ce point \u00e0 une r\u00e9union de l\u2019Organe subsidiaire charg\u00e9 de fournir des avis scientifiques, techniques et technologiques qui se tiendrait avant la CdP 16. D\u2019autres groupes se sont concentr\u00e9s sur le m\u00e9canisme financier, la mobilisation des ressources et le cadre de suivi du GBF. Une s\u00e9ance pl\u00e9ni\u00e8re de bilan a \u00e9t\u00e9 le point culminant de la journ\u00e9e. Les d\u00e9l\u00e9gu\u00e9s ont entendu les rapports des consultations minist\u00e9rielles sur le cadre mondial de la diversit\u00e9 biologique (GBF), l\u2019information de s\u00e9quence num\u00e9rique (DSI), la mobilisation des ressources et un plan sur la voie \u00e0 suivre tel que propos\u00e9 par la pr\u00e9sidence de la Conf\u00e9rence des Parties (COP). 2 Pour le samedi 17 d\u00e9cembre 2022, une s\u00e9ance pl\u00e9ni\u00e8re de bilan a \u00e9t\u00e9 le point culminant de la journ\u00e9e. Les d\u00e9l\u00e9gu\u00e9s ont entendu les rapports des consultations minist\u00e9rielles sur le cadre mondial de la diversit\u00e9 biologique (GBF), l\u2019information de s\u00e9quence num\u00e9rique (DSI), la mobilisation des ressources et un plan sur la voie \u00e0 suivre tel que propos\u00e9 par la pr\u00e9sidence de la Conf\u00e9rence des Parties (COP). Beaucoup ont \u00e9t\u00e9 surpris d\u2019entendre une proposition claire sur l\u2019ISN de Maisa Rojas, Ministre de l\u2019environnement du Chili, et Espen Barth Eide, Ministre norv\u00e9gien du climat et de l\u2019environnement. \u00c9labor\u00e9e \u00e0 l\u2019issue de consultations approfondies, les Ministres ont d\u00e9clar\u00e9 que la proposition envisageait la cr\u00e9ation d\u2019un m\u00e9canisme multilat\u00e9ral de partage des avantages lors de cette r\u00e9union, y compris des dispositions sur le respect des arrangements nationaux existants, ainsi qu\u2019un groupe de travail intersessions charg\u00e9 d\u2019examiner les modalit\u00e9s du m\u00e9canisme. Toutes les parties ne l\u2019aimeront pas, ont d\u00e9clar\u00e9 les ministres, soulignant toutefois qu\u2019un accord est \u00ab dans le domaine du possible \u00bb. En ce qui concerne la mobilisation des ressources, les choses n\u2019\u00e9taient pas aussi claires. Mme Jeanne d\u2019Arc MUJAWAMARIYA, Ministre de l\u2019Environnement du Rwanda, et M. Jochen FLASBARTH, Secr\u00e9taire d\u2019\u00c9tat au minist\u00e8re f\u00e9d\u00e9ral allemand de la Coop\u00e9ration \u00e9conomique et du D\u00e9veloppement, ont not\u00e9 que les groupes r\u00e9gionaux sont largement d\u2019accord avec le montant global de 200 milliards de dollars par an d\u2019ici 2030 concernant les ressources financi\u00e8res mondiales pour la biodiversit\u00e9, y compris le financement de toutes les sources. Des divergences subsistent cependant, ont-ils dit, sur la structure de financement. Les consultations se poursuivent donc sur la question de savoir s\u2019il convient de cr\u00e9er un nouveau fonds, de se concentrer sur l\u2019am\u00e9lioration des processus du Fonds pour l\u2019environnement mondial (FEM) ou de cr\u00e9er un fonds sp\u00e9cial pour la diversit\u00e9 biologique qui sera administr\u00e9 par le FEM. Sur la GBF, les choses \u00e9taient encore moins claires. M. Yasmine FOUAD, Ministre de l\u2019Environnement de l\u2019\u00c9gypte, et M. Steven GUILBEAULT, Ministre de l\u2019Environnement et du Changement climatique du Canada, ont indiqu\u00e9 que les consultations se poursuivent, m\u00eame si des progr\u00e8s ont \u00e9t\u00e9 r\u00e9alis\u00e9s sur certaines parties de l\u2019\u00e9bauche. Le pr\u00e9sident de la COP, M. Huang RUNQIU, Ministre chinois de l\u2019\u00e9cologie et de l\u2019environnement, a annonc\u00e9 qu\u2019un texte du pr\u00e9sident serait disponible dimanche \u00e0 8h00, pour consultation avec les chefs de d\u00e9l\u00e9gation, dans le but de forger un consensus. Le texte abordera : le GBF et son cadre de suivi ; la mobilisation des ressources ; DSI; la planification, la surveillance, l\u2019\u00e9tablissement de rapports et l\u2019examen; et le renforcement des capacit\u00e9s et la coop\u00e9ration technique et scientifique. Entre-temps, le d\u00e9bat de haut niveau s\u2019est achev\u00e9 par une s\u00e9ance pl\u00e9ni\u00e8re de cl\u00f4ture. Les participants ont entendu les rapports des principaux \u00e9v\u00e9nements organis\u00e9s parall\u00e8lement \u00e0 la COP 15, y compris le cinqui\u00e8me Forum scientifique et politique et le Sommet sur la nature et la culture, ainsi que de diff\u00e9rentes parties prenantes qui ont soulign\u00e9 leur contribution \u00e0 la mise en \u0153uvre du GBF. M. Manuel PULGAR-VIDAL, Pr\u00e9sident du Programme d\u2019action pour la nature et les peuples de Charm el-Cheikh \u00e0 Kunming \u00e0 Montr\u00e9al, a rendu compte des activit\u00e9s men\u00e9es dans le cadre 3 du Programme d\u2019action et de l\u2019\u00e9lan cr\u00e9\u00e9 pour une mise en \u0153uvre du FGB \u00e0 l\u2019\u00e9chelle de la soci\u00e9t\u00e9. Lors d\u2019un dialogue interg\u00e9n\u00e9rationnel, M. Lucy MULENKEI, du Forum international des peuples autochtones sur la biodiversit\u00e9, et M. Hector Alan VALDES SUAREZ, du R\u00e9seau mondial des jeunes pour la biodiversit\u00e9, ont plaid\u00e9 en faveur d\u2019une FBG inclusive et r\u00e9paratrice, qui favorise la collaboration entre les g\u00e9n\u00e9rations vivantes et prend soin des g\u00e9n\u00e9rations futures.<\/p>\n<p>Source : IISD<\/p>\n<p><strong>Interventions des Ministres en charge de l\u2019environnement d\u2019Afrique centrale et du Pr\u00e9sident en exercice de la COMIFAC en session pl\u00e9ni\u00e8re de cl\u00f4ture<\/strong><\/p>\n<p>La journ\u00e9e du 16 d\u00e9cembre 2022 a \u00e9t\u00e9 marqu\u00e9e par les d\u00e9clarations des Ministres en charge de l\u2019environnement d\u2019Afrique centrale ou leurs repr\u00e9sentants ainsi que la d\u00e9claration du Pr\u00e9sident en exercice de la COMIFAC. Ces d\u00e9clarations ont notamment port\u00e9 les progr\u00e8s r\u00e9alis\u00e9s par les pays de la sous-r\u00e9gion en guise de bilan de la mise en \u0153uvre de la strat\u00e9gie d\u00e9cennale 2011-2020, sur leur engagements en faveur de la mise en \u0153uvre le cadre mondial de la diversit\u00e9 biologique (GBF), sur l\u2019information de s\u00e9quence num\u00e9rique (DSI) et sur la mobilisation des ressources.<\/p>\n<p><strong>Ev\u00e9nement parall\u00e8le de haut niveau<\/strong><\/p>\n<p>Ce 16 d\u00e9cembre 2022, a eu lieu \u00e0 l\u2019h\u00f4tel Inter Continental, la premi\u00e8re r\u00e9union de la Task force Fair Deal organis\u00e9r par la Facilitation de la R\u00e9publique F\u00e9d\u00e9rale Allemande du PFBC sous le th\u00e8me \u00ab Paiements des services \u00e9cologiques pour les for\u00eats intactes ou \u00e0 haute int\u00e9grit\u00e9 \u00bb. Pr\u00e9sid\u00e9e par le Facilitateur du PFBC, le Secr\u00e9tariat Ex\u00e9cutif y \u00e9tait repr\u00e9sent\u00e9 par M. Valerie TCHUANTE, Expert en Suivi Evaluation en tant que membre de ladite Task Force.<\/p>\n<p><strong>Activit\u00e9s dans le pavillon COMIFAC-CEEAC<\/strong><\/p>\n<p>La COMIFAC a poursuivi l\u2019animation du pavillon \u00ab COMIFAC-CEEAC\u00bb en marge de la COP 15, avec pour but de promouvoir et rendre visible les diff\u00e9rentes initiatives en mati\u00e8re de conservation de la biodiversit\u00e9 en Afrique centrale et de montrer les efforts r\u00e9alis\u00e9s dans ce domaine. Comme lors des jours pr\u00e9c\u00e9dents, les visiteurs ont visit\u00e9 le stand o\u00f9 ils ont pris connaissance des riches r\u00e9alisations de la COMIFAC dans le domaine de la gestion et la conservation et la gestion durable des \u00e9cosyst\u00e8mes forestiers d\u2019Afrique centrale. L\u2019on pouvait \u00e9galement voir dans le pavillon les supports et documents des pays membres de la COMIFAC tels, que le Congo et la RDC.<\/p>\n","protected":false},"excerpt":{"rendered":"<p>Montr\u00e9al, Canada, 18 decembre 2022- Les d\u00e9l\u00e9gu\u00e9s des r\u00e9gions ont continu\u00e9 d\u2019examiner le projet de cadre mondial&hellip;<\/p>\n","protected":false},"author":5,"featured_media":9108,"comment_status":"open","ping_status":"open","sticky":false,"template":"","format":"standard","meta":{"give_campaign_id":0,"rs_blank_template":"","rs_page_bg_color":"","slide_template_v7":"","_jetpack_newsletter_access":"","_jetpack_dont_email_post_to_subs":false,"_jetpack_newsletter_tier_id":0,"_jetpack_memberships_contains_paywalled_content":false,"_jetpack_feature_clip_id":0,"_jetpack_memberships_contains_paid_content":false,"footnotes":"","jetpack_post_was_ever_published":false},"categories":[117],"tags":[],"class_list":["post-9109","post","type-post","status-publish","format-standard","has-post-thumbnail","hentry","category-actualites"],"jetpack_sharing_enabled":true,"jetpack_featured_media_url":"https:\/\/comifac.org\/wp-content\/uploads\/2022\/12\/Public_fair_deal_5.jpg","_links":{"self":[{"href":"https:\/\/comifac.org\/index.php?rest_route=\/wp\/v2\/posts\/9109","targetHints":{"allow":["GET"]}}],"collection":[{"href":"https:\/\/comifac.org\/index.php?rest_route=\/wp\/v2\/posts"}],"about":[{"href":"https:\/\/comifac.org\/index.php?rest_route=\/wp\/v2\/types\/post"}],"author":[{"embeddable":true,"href":"https:\/\/comifac.org\/index.php?rest_route=\/wp\/v2\/users\/5"}],"replies":[{"embeddable":true,"href":"https:\/\/comifac.org\/index.php?rest_route=%2Fwp%2Fv2%2Fcomments&post=9109"}],"version-history":[{"count":0,"href":"https:\/\/comifac.org\/index.php?rest_route=\/wp\/v2\/posts\/9109\/revisions"}],"wp:featuredmedia":[{"embeddable":true,"href":"https:\/\/comifac.org\/index.php?rest_route=\/wp\/v2\/media\/9108"}],"wp:attachment":[{"href":"https:\/\/comifac.org\/index.php?rest_route=%2Fwp%2Fv2%2Fmedia&parent=9109"}],"wp:term":[{"taxonomy":"category","embeddable":true,"href":"https:\/\/comifac.org\/index.php?rest_route=%2Fwp%2Fv2%2Fcategories&post=9109"},{"taxonomy":"post_tag","embeddable":true,"href":"https:\/\/comifac.org\/index.php?rest_route=%2Fwp%2Fv2%2Ftags&post=9109"}],"curies":[{"name":"wp","href":"https:\/\/api.w.org\/{rel}","templated":true}]}}