{"id":9126,"date":"2023-01-11T10:13:00","date_gmt":"2023-01-11T10:13:00","guid":{"rendered":"https:\/\/comifac.org\/cop15-evenement-parallele-pfbc-comifac-le-futur-des-aires-protegees-dans-le-bassin-du-congo-comment-obtenir-a-la-fois-la-conservation-et-le-developpement-par-la-bonne-gouvernance-et-le-paiement-des-se\/"},"modified":"2023-01-11T10:13:00","modified_gmt":"2023-01-11T10:13:00","slug":"cop15-evenement-parallele-pfbc-comifac-le-futur-des-aires-protegees-dans-le-bassin-du-congo-comment-obtenir-a-la-fois-la-conservation-et-le-developpement-par-la-bonne-gouvernance-et-le-paiement-des-se","status":"publish","type":"post","link":"https:\/\/comifac.org\/?p=9126","title":{"rendered":"COP15 \u2013 \u00c9v\u00e9nement parall\u00e8le PFBC-COMIFAC : Le futur des aires prot\u00e9g\u00e9es dans le Bassin du Congo&#8230; Comment obtenir \u00e0 la fois la conservation et le d\u00e9veloppement par la bonne gouvernance et le paiement des services \u00e9cologiques ?"},"content":{"rendered":"<div class=\"ce_text block\" style=\"color: #333333; font-family: Ubuntu, sans-serif; font-size: 16px;\">\n<p style=\"margin: 0.2em 0px 0.4em; text-align: justify;\"><em>Cet \u00e9v\u00e9nement parall\u00e8le entre les partenaires du PFBC avait pour but de trouver comment acc\u00e9l\u00e9rer la protection et l&rsquo;utilisation durable des for\u00eats d&rsquo;Afrique centrale en \u00e9change d&rsquo;une part ad\u00e9quate des financements internationaux pour le climat et la biodiversit\u00e9.<\/em><\/p>\n<p>  <!--more-->  <\/p>\n<p style=\"margin: 0.2em 0px 0.4em; text-align: justify;\">&nbsp;<\/p>\n<p style=\"margin: 0.2em 0px 0.4em; text-align: justify;\"><img decoding=\"async\" src=\"https:\/\/pfbc-cbfp.org\/files\/docs\/news\/1-2023\/319900451_930871331631332_5564234048922086594_n.jpg\" alt=\"\" style=\"max-width: 100%; height: auto; padding: 8px;\" \/><\/p>\n<p style=\"margin: 0.2em 0px 0.4em; text-align: justify;\"><strong>Montr\u00e9al Canada CDB &#8211; COP, mercredi 14 d\u00e9cembre 2022, 15h00-16h30<\/strong>&nbsp;dans le Hall 2 du Pavillon COMIFAC conjoint CEEAC, PFBC, GIZ, faisant suite \u00e0 la rencontre du 13 d\u00e9cembre a eu lieu un grand dialogue entre le PFBC et ses partenaires.<\/p>\n<p style=\"margin: 0.2em 0px 0.4em; text-align: justify;\">La rencontre a d\u00e9but\u00e9 par le mot de bienvenue de l&rsquo;Honorable Dr Christian Ruck, Ambassadeur de bonne volont\u00e9 COMIFAC et Facilitateur de la R\u00e9publique f\u00e9d\u00e9rale d&rsquo;Allemagne du PFBC.<\/p>\n<p style=\"margin: 0.2em 0px 0.4em; text-align: justify;\">L\u2019\u00e9v\u00e9nement co-organis\u00e9es par le PFBC et la COMIFAC, s\u2019est poursuivi par une grande discussion entre les repr\u00e9sentants de GIZ,AWF, WCS, WWF, TRAFFIC, ABCG et mod\u00e9r\u00e9 par Dr Paul Scholte, conseiller technique principal, GIZ. L\u2019objectif affich\u00e9 de ce dialogue \u00e9tant d\u2019assurer le suivi de la mise en \u0153uvre de la d\u00e9claration de la COMIFAC \u00ab Fair Deal \u00bb en mettant l&rsquo;accent sur la conservation de la biodiversit\u00e9 et les aires prot\u00e9g\u00e9es en Afrique centrale.<\/p>\n<p style=\"margin: 0.2em 0px 0.4em; text-align: justify;\">La session a permis aux pan\u00e9listes et aux nombreux participants de plaider en faveur d&rsquo;un \u00ab Fair Deal \u00bb pour la biodiversit\u00e9, la conservation de la biodiversit\u00e9 et l&rsquo;utilisation durable des for\u00eats du bassin du Congo en \u00e9change d&rsquo;une part ad\u00e9quate du financement international de la biodiversit\u00e9.<\/p>\n<p style=\"margin: 0.2em 0px 0.4em; text-align: justify;\">Tout ceci \u00e0 travers des questions cl\u00e9s sur la conservation de la biodiversit\u00e9 et des aires prot\u00e9g\u00e9es en Afrique centrale en relation avec des questions de financement international afin d&rsquo;obtenir en faveur d\u2019un Fair Deal.<\/p>\n<p style=\"margin: 0.2em 0px 0.4em; text-align: justify;\">\u00c0 l\u2019issue des discussions, quelques messages cl\u00e9s :<\/p>\n<p style=\"margin: 0.2em 0px 0.4em; text-align: justify;\">La contribution du Bassin du Congo \u00e0 la protection du climat mondial et de la biodiversit\u00e9 est \u00e9vidente. L&rsquo;accent sera mis ici sur la mani\u00e8re dont le Bassin du Congo peut \u00eatre mieux soutenue pour jouer ce r\u00f4le consid\u00e9rable.<\/p>\n<ol style=\"margin: 0.2em 0px 0.4em; padding: 0px 0px 0px 1.25em; list-style-position: initial; list-style-image: initial; text-align: justify;\">\n<li style=\"margin-bottom: 10px;\">Les APs du Bassin du Congo fournissent des services environnementaux \u00e0 l&rsquo;ensemble de l&rsquo;humanit\u00e9. Le principe de base est le suivant : \u00ab\u00a0si vous ne payez pas pour un service, vous le perdrez\u00a0\u00bb et \u00ab\u00a0il n&rsquo;y a pas de repas gratuit\u00a0\u00bb. Il devrait y avoir des m\u00e9canismes pratiques et ad\u00e9quats\/adapt\u00e9s en place pour payer pour ces services, sinon nous pourrions les perdre. Le bassin du Congo, avec son faible taux de d\u00e9forestation et ses zones \u00e0 haute valeur de biodiversit\u00e9, a besoin d&rsquo;instruments financiers sp\u00e9cifiques. Il est plus ou moins \u00e9vident que les mod\u00e8les actuels n&rsquo;ont pas apport\u00e9 le financement attendu et nous devons \u00eatre r\u00e9alistes et co-cr\u00e9er de nouveaux mod\u00e8les.<\/li>\n<li style=\"margin-bottom: 10px;\">Dans le pass\u00e9, la protection des APs dans le Bassin du Congo \u00e9tait presque automatique, ce qui n&rsquo;est plus le cas en raison d&rsquo;un certain nombre de facteurs dont la pression d\u00e9mographique, l&rsquo;aspiration au d\u00e9veloppement, la concurrence avec d&rsquo;autres utilisations des terres, etc. Il est n\u00e9cessaire de proc\u00e9der \u00e0 des ajustements, notamment le gouvernement doit donner plus d&rsquo;espace au secteur priv\u00e9 par le biais de partenariats public-priv\u00e9.<\/li>\n<li style=\"margin-bottom: 10px;\">Le d\u00e9veloppement devrait recevoir plus d&rsquo;attention lorsque nous concevons des projets de conservation, pla\u00e7ant ainsi les IPLC au centre.<\/li>\n<li style=\"margin-bottom: 10px;\">Les organisations de conservation et les organisations de d\u00e9veloppement devraient travailler en consortium.<\/li>\n<li style=\"margin-bottom: 10px;\">Les aires prot\u00e9g\u00e9es en tant que puits de carbone \/ en tant qu&rsquo;opportunit\u00e9s pour le d\u00e9veloppement socio-\u00e9conomique des Communaut\u00e9s locales et des Peuples autochtones ;<\/li>\n<\/ol>\n<p style=\"margin: 0.2em 0px 0.4em; text-align: justify;\">Cet \u00e9v\u00e9nement a \u00e9t\u00e9 \u00e9galement l&rsquo;occasion pour la COMIFAC et ses partenaires de pr\u00e9senter leurs efforts dans le domaine de la conservation de la biodiversit\u00e9 et des aires prot\u00e9g\u00e9es transfrontali\u00e8res.<\/p>\n<p style=\"margin: 0.2em 0px 0.4em; text-align: justify;\">Les panelistes de la session :<\/p>\n<p style=\"margin: 0.2em 0px 0.4em; text-align: justify;\">&#8211; Mme Rubina James, Directrice g\u00e9n\u00e9rale, ABCG<\/p>\n<p style=\"margin: 0.2em 0px 0.4em; text-align: justify;\">&#8211; M. Norbert Sonne, directeur national, AWF<\/p>\n<p style=\"margin: 0.2em 0px 0.4em; text-align: justify;\">&#8211; M. Richard Scobey, Directeur ex\u00e9cutif, TRAFFIC International<\/p>\n<p style=\"margin: 0.2em 0px 0.4em; text-align: justify;\">&#8211; Dr Michel Masozera, directeur de la politique et des partenariats institutionnels pour l&rsquo;Afrique, WCS<\/p>\n<p style=\"margin: 0.2em 0px 0.4em; text-align: justify;\">&#8211; Mr Alain Bernard Ononino, WWF<\/p>\n<p style=\"margin: 0.2em 0px 0.4em; text-align: justify;\">MODERATEUR : Dr Paul Scholte, conseiller technique principal, GIZ<\/p>\n<p style=\"margin: 0.2em 0px 0.4em; text-align: justify;\">Bien vouloir consulter les photos du dialogue de haut niveau entre le PFBC et ses partenaires :<\/p>\n<p style=\"margin: 0.2em 0px 0.4em; text-align: justify;\">Bien vouloir t\u00e9l\u00e9charger la note conceptuelle ci-dessous :<\/p>\n<p style=\"margin: 0.2em 0px 0.4em; text-align: justify;\"><a href=\"https:\/\/pfbc-cbfp.org\/files\/docs\/news\/1-2023\/221206_FR_OnePage_Fair_Deal_Protected_Areas_Proofread_Fr.pdf\" target=\"_blank\" rel=\"noopener\" style=\"color: #669c03;\" title=\"221206_FR_OnePage_Fair_Deal_Protected_Areas_Proofread_Fr\">221206_FR_OnePage_Fair_Deal_Protected_Areas_Proofread_Fr<\/a><\/p>\n<\/p><\/div>\n<div class=\"ce_gallery block\" style=\"margin: 1.5em 0px; color: #333333; font-family: Ubuntu, sans-serif; font-size: 16px;\"><\/div>\n","protected":false},"excerpt":{"rendered":"<p>Cet \u00e9v\u00e9nement parall\u00e8le entre les partenaires du PFBC avait pour but de trouver comment acc\u00e9l\u00e9rer la protection&hellip;<\/p>\n","protected":false},"author":5,"featured_media":0,"comment_status":"open","ping_status":"open","sticky":false,"template":"","format":"standard","meta":{"give_campaign_id":0,"rs_blank_template":"","rs_page_bg_color":"","slide_template_v7":"","_jetpack_newsletter_access":"","_jetpack_dont_email_post_to_subs":false,"_jetpack_newsletter_tier_id":0,"_jetpack_memberships_contains_paywalled_content":false,"_jetpack_feature_clip_id":0,"_jetpack_memberships_contains_paid_content":false,"footnotes":"","jetpack_post_was_ever_published":false},"categories":[117],"tags":[],"class_list":["post-9126","post","type-post","status-publish","format-standard","hentry","category-actualites"],"jetpack_sharing_enabled":true,"jetpack_featured_media_url":"","_links":{"self":[{"href":"https:\/\/comifac.org\/index.php?rest_route=\/wp\/v2\/posts\/9126","targetHints":{"allow":["GET"]}}],"collection":[{"href":"https:\/\/comifac.org\/index.php?rest_route=\/wp\/v2\/posts"}],"about":[{"href":"https:\/\/comifac.org\/index.php?rest_route=\/wp\/v2\/types\/post"}],"author":[{"embeddable":true,"href":"https:\/\/comifac.org\/index.php?rest_route=\/wp\/v2\/users\/5"}],"replies":[{"embeddable":true,"href":"https:\/\/comifac.org\/index.php?rest_route=%2Fwp%2Fv2%2Fcomments&post=9126"}],"version-history":[{"count":0,"href":"https:\/\/comifac.org\/index.php?rest_route=\/wp\/v2\/posts\/9126\/revisions"}],"wp:attachment":[{"href":"https:\/\/comifac.org\/index.php?rest_route=%2Fwp%2Fv2%2Fmedia&parent=9126"}],"wp:term":[{"taxonomy":"category","embeddable":true,"href":"https:\/\/comifac.org\/index.php?rest_route=%2Fwp%2Fv2%2Fcategories&post=9126"},{"taxonomy":"post_tag","embeddable":true,"href":"https:\/\/comifac.org\/index.php?rest_route=%2Fwp%2Fv2%2Ftags&post=9126"}],"curies":[{"name":"wp","href":"https:\/\/api.w.org\/{rel}","templated":true}]}}