{"id":9130,"date":"2023-01-17T13:30:08","date_gmt":"2023-01-17T13:30:08","guid":{"rendered":"https:\/\/comifac.org\/nouveau-gouvernement-gabonais-m-lee-white-maintient-la-tete-du-ministere-des-eaux-des-forets-de-la-mer-de-l-environnement-charge-du-plan-climat-et-du-plan-d-affectation-des-terres\/"},"modified":"2023-01-17T13:30:08","modified_gmt":"2023-01-17T13:30:08","slug":"nouveau-gouvernement-gabonais-m-lee-white-maintient-la-tete-du-ministere-des-eaux-des-forets-de-la-mer-de-l-environnement-charge-du-plan-climat-et-du-plan-d-affectation-des-terres","status":"publish","type":"post","link":"https:\/\/comifac.org\/?p=9130","title":{"rendered":"Nouveau gouvernement gabonais : M. Lee WHITE maintient la t\u00eate du minist\u00e8re des Eaux, des For\u00eats, de la Mer, de l\u2019Environnement, Charg\u00e9 du Plan Climat, et du Plan d\u2019Affectation des Terres"},"content":{"rendered":"<p class=\"info\" style=\"margin: 0.2em 0px 0.4em;\"><span style=\"font-size: 12pt; font-family: arial, helvetica, sans-serif;\"><time datetime=\"2023-01-13T11:57:00+01:00\" itemprop=\"datePublished\">Libreville, Gabon, 09 janvier 2023- Par d\u00e9cret du Pr\u00e9sident de la R\u00e9publique en date du 09 janvier 2023 ; et sur proposition du Premier Ministre Chef du Gouvernement, M Lee WHITE maintient la t\u00eate du minist\u00e8re des Eaux, des For\u00eats, de la Mer, de l\u2019Environnement, Charg\u00e9 du Plan Climat, et du Plan d\u2019Affectation des Terres.<\/time><\/span><\/p>\n<p>  <!--more-->  <\/p>\n<p class=\"info\" style=\"margin: 0.2em 0px 0.4em;\">&nbsp;<\/p>\n<div class=\"ce_text block\">\n<p style=\"margin: 0.2em 0px 0.4em; color: #333333; font-family: Ubuntu, sans-serif; font-size: 16px; text-align: justify;\"><span style=\"font-size: 12pt; font-family: arial, helvetica, sans-serif;\"><img decoding=\"async\" src=\"https:\/\/pfbc-cbfp.org\/files\/docs\/news\/1-2023\/-lee-white-01-1256x628-1657890156.jpg\" alt=\"\" style=\"max-width: 100%; height: auto; padding: 8px;\" \/><\/span><\/p>\n<p style=\"margin: 0.2em 0px 0.4em; color: #333333; font-family: Ubuntu, sans-serif; font-size: 16px; text-align: justify;\">\n<p style=\"margin: 0.2em 0px 0.4em; color: #333333; font-family: Ubuntu, sans-serif; font-size: 16px; text-align: justify;\"><span style=\"color: #444444; font-family: arial, helvetica, sans-serif; font-size: 12pt;\">Au total, le nouveau gouvernement gabonais compte 45 membres, contre 38 pour le gouvernement sortant. Plusieurs ministres ont conserv\u00e9 leurs postes, notamment ceux de l\u2019Int\u00e9rieur, du Budget, de l\u2019Economie ou encore du P\u00e9trole. 13 femmes sont repr\u00e9sent\u00e9es dans la nouvelle \u00e9quipe qui devra conduire le pays jusqu\u2019aux prochaines \u00e9lections g\u00e9n\u00e9rales.<\/span><\/p>\n<p style=\"margin: 0.2em 0px 0.4em; color: #333333; font-family: Ubuntu, sans-serif; font-size: 16px; text-align: justify;\"><span style=\"color: #444444; font-family: arial, helvetica, sans-serif; font-size: 12pt;\">Voici la liste du nouveau gouvernement pilot\u00e9 par le Premier ministre, Alain-Claude Bilie-By-Nze<\/span><\/p>\n<p style=\"margin: 0.2em 0px 0.4em; text-align: justify;\"><span style=\"color: #444444; font-family: arial, helvetica, sans-serif; font-size: 12pt;\">http:\/\/gabonmatin.com\/la-composition-du-gouvernement-gabonais-d-alain-claude-bilie-by-nze-du-9.html<\/span><\/p>\n<\/p><\/div>\n","protected":false},"excerpt":{"rendered":"<p>Libreville, Gabon, 09 janvier 2023- Par d\u00e9cret du Pr\u00e9sident de la R\u00e9publique en date du 09 janvier&hellip;<\/p>\n","protected":false},"author":5,"featured_media":9129,"comment_status":"open","ping_status":"open","sticky":false,"template":"","format":"standard","meta":{"give_campaign_id":0,"rs_blank_template":"","rs_page_bg_color":"","slide_template_v7":"","_jetpack_newsletter_access":"","_jetpack_dont_email_post_to_subs":false,"_jetpack_newsletter_tier_id":0,"_jetpack_memberships_contains_paywalled_content":false,"_jetpack_feature_clip_id":0,"_jetpack_memberships_contains_paid_content":false,"footnotes":"","jetpack_post_was_ever_published":false},"categories":[117],"tags":[],"class_list":["post-9130","post","type-post","status-publish","format-standard","has-post-thumbnail","hentry","category-actualites"],"jetpack_sharing_enabled":true,"jetpack_featured_media_url":"https:\/\/comifac.org\/wp-content\/uploads\/2023\/01\/-lee-white-01-1256x628-1657890156.jpg","_links":{"self":[{"href":"https:\/\/comifac.org\/index.php?rest_route=\/wp\/v2\/posts\/9130","targetHints":{"allow":["GET"]}}],"collection":[{"href":"https:\/\/comifac.org\/index.php?rest_route=\/wp\/v2\/posts"}],"about":[{"href":"https:\/\/comifac.org\/index.php?rest_route=\/wp\/v2\/types\/post"}],"author":[{"embeddable":true,"href":"https:\/\/comifac.org\/index.php?rest_route=\/wp\/v2\/users\/5"}],"replies":[{"embeddable":true,"href":"https:\/\/comifac.org\/index.php?rest_route=%2Fwp%2Fv2%2Fcomments&post=9130"}],"version-history":[{"count":0,"href":"https:\/\/comifac.org\/index.php?rest_route=\/wp\/v2\/posts\/9130\/revisions"}],"wp:featuredmedia":[{"embeddable":true,"href":"https:\/\/comifac.org\/index.php?rest_route=\/wp\/v2\/media\/9129"}],"wp:attachment":[{"href":"https:\/\/comifac.org\/index.php?rest_route=%2Fwp%2Fv2%2Fmedia&parent=9130"}],"wp:term":[{"taxonomy":"category","embeddable":true,"href":"https:\/\/comifac.org\/index.php?rest_route=%2Fwp%2Fv2%2Fcategories&post=9130"},{"taxonomy":"post_tag","embeddable":true,"href":"https:\/\/comifac.org\/index.php?rest_route=%2Fwp%2Fv2%2Ftags&post=9130"}],"curies":[{"name":"wp","href":"https:\/\/api.w.org\/{rel}","templated":true}]}}