{"id":9145,"date":"2023-02-07T14:51:24","date_gmt":"2023-02-07T14:51:24","guid":{"rendered":"https:\/\/comifac.org\/bilan-du-monde-climat-comment-le-monde-s-approche-d-un-rechauffement-catastrophique-de-2-5-c-a-la-fin-du-siecle-le-monde\/"},"modified":"2023-02-07T14:51:24","modified_gmt":"2023-02-07T14:51:24","slug":"bilan-du-monde-climat-comment-le-monde-s-approche-d-un-rechauffement-catastrophique-de-2-5-c-a-la-fin-du-siecle-le-monde","status":"publish","type":"post","link":"https:\/\/comifac.org\/?p=9145","title":{"rendered":"Bilan du Monde | Climat : comment le monde s\u2019approche d\u2019un r\u00e9chauffement \u00ab catastrophique \u00bb de 2,5 \u00b0C \u00e0 la fin du si\u00e8cle \u2013 Le Monde"},"content":{"rendered":"<p style=\"margin: 0.2em 0px 0.4em; color: #333333; font-family: Ubuntu, sans-serif; font-size: 16px; text-align: justify;\">Les pr\u00e9visions sont alarmantes et l\u2019humanit\u00e9 court droit \u00e0 la catastrophe mondiale, interpelle le secr\u00e9taire g\u00e9n\u00e9ral des Nations unies, Antonio Guterres. En d\u00e9pit des r\u00e9sultats mitig\u00e9s de la COP27, une petite lueur d\u2019espoir existe : atteindre les objectifs de neutralit\u00e9 carbone en 2050.<\/p>\n<p>  <!--more-->  <\/p>\n<p style=\"margin: 0.2em 0px 0.4em; color: #333333; font-family: Ubuntu, sans-serif; font-size: 16px; text-align: justify;\">&nbsp;<\/p>\n<p style=\"margin: 0.2em 0px 0.4em; color: #333333; font-family: Ubuntu, sans-serif; font-size: 16px; text-align: justify;\">Malgr\u00e9 des progr\u00e8s, la communaut\u00e9 internationale reste tr\u00e8s loin des objectifs de l\u2019accord de Paris et ne parvient toujours pas \u00e0 tracer un chemin \u00ab cr\u00e9dible \u00bb pour limiter le r\u00e9chauffement climatique \u00e0 1,5 \u00b0C \u2013 la cible la plus ambitieuse du trait\u00e9 international, destin\u00e9e \u00e0 \u00e9viter un climat incontr\u00f4l\u00e9. Les engagements climatiques pris par les Etats mettent au contraire la plan\u00e8te sur une trajectoire de r\u00e9chauffement de 2,5 \u00b0C \u00e0 la fin du si\u00e8cle. Et ce, s\u2019ils sont respect\u00e9s, ce qui n\u2019est pour l\u2019instant pas le cas. Si les pays poursuivent leur politique actuelle, l\u2019\u00e9l\u00e9vation de la temp\u00e9rature pourrait m\u00eame atteindre 2,8 \u00b0C en 2100. Voil\u00e0 les conclusions alarmantes de deux institutions onusiennes, le Programme des Nations unies pour l\u2019environnement (PNUE) et le Secr\u00e9tariat des Nations unies sur les changements climatiques, dans des rapports publi\u00e9s fin octobre 2022.<\/p>\n<p style=\"margin: 0.2em 0px 0.4em; color: #333333; font-family: Ubuntu, sans-serif; font-size: 16px; text-align: justify;\"><em>\u00ab Nous nous dirigeons vers une catastrophe mondiale \u00bb<\/em>, a r\u00e9agi le secr\u00e9taire g\u00e9n\u00e9ral de l\u2019ONU, Antonio Guterres. La plan\u00e8te, qui s\u2019est r\u00e9chauff\u00e9e de 1,2 \u00b0C depuis l\u2019\u00e8re pr\u00e9industrielle, est d\u00e9j\u00e0 confront\u00e9e \u00e0 un cort\u00e8ge meurtrier d\u2019inondations, de canicules, de s\u00e9cheresses ou de m\u00e9gafeux qui ont marqu\u00e9 l\u2019ann\u00e9e 2022. Les huit derni\u00e8res ann\u00e9es devraient \u00eatre les plus chaudes jamais enregistr\u00e9es, selon l\u2019Organisation m\u00e9t\u00e9orologique mondiale.<\/p>\n<p style=\"margin: 0.2em 0px 0.4em; color: #333333; font-family: Ubuntu, sans-serif; font-size: 16px; text-align: justify;\"><em>\u00ab La fen\u00eatre permettant de limiter la hausse de la temp\u00e9rature mondiale \u00e0 1,5 \u00b0C se referme rapidement \u00bb<\/em>, a rappel\u00e9 M. Guterres.&nbsp;<em>\u00ab Les gouvernements nationaux doivent renforcer leurs plans climat d\u00e8s maintenant et les mettre en \u0153uvre au cours des huit prochaines ann\u00e9es \u00bb,&nbsp;<\/em>a ajout\u00e9 le patron du Secr\u00e9tariat des Nations unies sur les changements climatiques, Simon Stiell<em>.<\/em><\/p>\n<p style=\"margin: 0.2em 0px 0.4em; color: #333333; font-family: Ubuntu, sans-serif; font-size: 16px; text-align: justify;\"><a href=\"https:\/\/www.lemonde.fr\/planete\/article\/2023\/02\/04\/bilan-du-monde-climat-comment-le-monde-s-approche-d-un-rechauffement-catastrophique-de-2-5-c-a-la-fin-du-siecle_6160522_3244.html\" target=\"_blank\" rel=\"noopener\" style=\"color: #669c03;\">En savoir plus&#8230;<\/a><\/p>\n","protected":false},"excerpt":{"rendered":"<p>Les pr\u00e9visions sont alarmantes et l\u2019humanit\u00e9 court droit \u00e0 la catastrophe mondiale, interpelle le secr\u00e9taire g\u00e9n\u00e9ral des&hellip;<\/p>\n","protected":false},"author":5,"featured_media":9144,"comment_status":"open","ping_status":"open","sticky":false,"template":"","format":"standard","meta":{"give_campaign_id":0,"rs_blank_template":"","rs_page_bg_color":"","slide_template_v7":"","_jetpack_newsletter_access":"","_jetpack_dont_email_post_to_subs":false,"_jetpack_newsletter_tier_id":0,"_jetpack_memberships_contains_paywalled_content":false,"_jetpack_feature_clip_id":0,"_jetpack_memberships_contains_paid_content":false,"footnotes":"","jetpack_post_was_ever_published":false},"categories":[117],"tags":[],"class_list":["post-9145","post","type-post","status-publish","format-standard","has-post-thumbnail","hentry","category-actualites"],"jetpack_sharing_enabled":true,"jetpack_featured_media_url":"https:\/\/comifac.org\/wp-content\/uploads\/2023\/02\/Bilan_carbone.jpg","_links":{"self":[{"href":"https:\/\/comifac.org\/index.php?rest_route=\/wp\/v2\/posts\/9145","targetHints":{"allow":["GET"]}}],"collection":[{"href":"https:\/\/comifac.org\/index.php?rest_route=\/wp\/v2\/posts"}],"about":[{"href":"https:\/\/comifac.org\/index.php?rest_route=\/wp\/v2\/types\/post"}],"author":[{"embeddable":true,"href":"https:\/\/comifac.org\/index.php?rest_route=\/wp\/v2\/users\/5"}],"replies":[{"embeddable":true,"href":"https:\/\/comifac.org\/index.php?rest_route=%2Fwp%2Fv2%2Fcomments&post=9145"}],"version-history":[{"count":0,"href":"https:\/\/comifac.org\/index.php?rest_route=\/wp\/v2\/posts\/9145\/revisions"}],"wp:featuredmedia":[{"embeddable":true,"href":"https:\/\/comifac.org\/index.php?rest_route=\/wp\/v2\/media\/9144"}],"wp:attachment":[{"href":"https:\/\/comifac.org\/index.php?rest_route=%2Fwp%2Fv2%2Fmedia&parent=9145"}],"wp:term":[{"taxonomy":"category","embeddable":true,"href":"https:\/\/comifac.org\/index.php?rest_route=%2Fwp%2Fv2%2Fcategories&post=9145"},{"taxonomy":"post_tag","embeddable":true,"href":"https:\/\/comifac.org\/index.php?rest_route=%2Fwp%2Fv2%2Ftags&post=9145"}],"curies":[{"name":"wp","href":"https:\/\/api.w.org\/{rel}","templated":true}]}}