{"id":9147,"date":"2023-02-07T15:13:40","date_gmt":"2023-02-07T15:13:40","guid":{"rendered":"https:\/\/comifac.org\/les-contraintes-financieres-retardent-la-progression-des-plantations-forestieres-en-afrique-centrale-cifor\/"},"modified":"2023-02-07T15:13:40","modified_gmt":"2023-02-07T15:13:40","slug":"les-contraintes-financieres-retardent-la-progression-des-plantations-forestieres-en-afrique-centrale-cifor","status":"publish","type":"post","link":"https:\/\/comifac.org\/?p=9147","title":{"rendered":"Les contraintes financi\u00e8res retardent la progression des plantations foresti\u00e8res en Afrique centrale &#8211; CIFOR"},"content":{"rendered":"<p style=\"margin: 0.2em 0px 0.4em; color: #333333; font-family: Ubuntu, sans-serif; font-size: 16px; text-align: justify;\"><em>En d\u00e9pit de perspectives int\u00e9ressantes et d\u2019un fort potentiel, les plantations foresti\u00e8res occupent une superficie tr\u00e8s limit\u00e9e dans la sous-r\u00e9gion et comptent peu en volume de production.<\/em><\/p>\n<p>  <!--more-->  <\/p>\n<p style=\"margin: 0.2em 0px 0.4em; color: #333333; font-family: Ubuntu, sans-serif; font-size: 16px; text-align: justify;\">&nbsp;<\/p>\n<p style=\"margin: 0.2em 0px 0.4em; color: #333333; font-family: Ubuntu, sans-serif; font-size: 16px;\"><em><img decoding=\"async\" src=\"https:\/\/pfbc-cbfp.org\/files\/docs\/news\/2-2023\/49063688166_7eeccb9708_c-copy-1.webp\" alt=\"\" style=\"max-width: 100%; height: auto; padding: 8px; display: block; margin-left: auto; margin-right: auto;\" \/><\/em><\/p>\n<p style=\"margin: 0.2em 0px 0.4em; color: #333333; font-family: Ubuntu, sans-serif; font-size: 16px; text-align: justify;\">La demande en bois va in\u00e9vitablement exploser, en particulier en Afrique o\u00f9 80 % des m\u00e9nages l\u2019utilisent comme combustible. Elle devrait quadrupler pour atteindre 6 milliards de m\u00b3 par an d\u2019ici 2050. Pour faire face \u00e0 ce spectaculaire essor escompt\u00e9 de la demande pour les ressources en bois, les plantations foresti\u00e8res commerciales peuvent remplir le m\u00eame r\u00f4le que les for\u00eats naturelles. Pourtant, d\u2019apr\u00e8s un rapport r\u00e9cemment publi\u00e9, en d\u00e9pit de perspectives int\u00e9ressantes et d\u2019un fort potentiel, ces plantations foresti\u00e8res occupent une superficie tr\u00e8s limit\u00e9e en Afrique centrale et comptent peu en volume de production.<\/p>\n<p style=\"margin: 0.2em 0px 0.4em; color: #333333; font-family: Ubuntu, sans-serif; font-size: 16px; text-align: justify;\">Selon le rapport intitul\u00e9 Les for\u00eats du bassin du Congo \u2013 \u00c9tat des For\u00eats 2021 qui est publi\u00e9 par l\u2019Observatoire des For\u00eats d\u2019Afrique Centrale (OFAC), les investissements dans les plantations foresti\u00e8res commerciales de la r\u00e9gion sont au point mort en raison d\u2019une croissance \u00e9conomique au ralenti depuis 20 ans. La difficult\u00e9 de trouver un financement pour des op\u00e9rations telles que les plantations foresti\u00e8res qui ne g\u00e9n\u00e8rent pas de b\u00e9n\u00e9fices rapidement complique d\u2019autant la situation. Il faut en effet 5 \u00e0 8 ans avant d\u2019enregistrer un flux de tr\u00e9sorerie positif apr\u00e8s avoir investi dans des plantations foresti\u00e8res.<\/p>\n<p style=\"margin: 0.2em 0px 0.4em; color: #333333; font-family: Ubuntu, sans-serif; font-size: 16px; text-align: justify;\">Dans un chapitre du rapport, les chercheurs pensent que les banques ne sont peut-\u00eatre pas int\u00e9ress\u00e9es de financer le volet production des plantations foresti\u00e8res, mais plut\u00f4t les segments en aval comme la transformation ou la valeur ajout\u00e9e. De plus, des infrastructures industrielles inadapt\u00e9es, une faible productivit\u00e9, des technologies inad\u00e9quates et le flou du r\u00e9gime foncier et de l\u2019utilisation des terres n\u2019incitent gu\u00e8re \u00e0 investir. Paul Bertaux et ses co-auteurs indiquent cependant que, gr\u00e2ce \u00e0 l\u2019aide publique au d\u00e9veloppement, il est possible d\u2019investir dans la fili\u00e8re bois-for\u00eat pour cr\u00e9er des plantations, des unit\u00e9s de transformation ou d\u00e9marrer une exploitation foresti\u00e8re.<\/p>\n<p style=\"margin: 0.2em 0px 0.4em; color: #333333; font-family: Ubuntu, sans-serif; font-size: 16px; text-align: justify;\">S\u2019il y a eu peu d\u2019investissements jusqu\u2019ici, la production a \u00e9t\u00e9 peu importante \u00e9galement puisque la superficie couverte par des plantations foresti\u00e8res dans les pays du bassin du Congo reste modeste : Rwanda, 301 500 ha, Burundi, 146 000 ha, Congo, 74 500 ha, Gabon, 46 800 ha, Cameroun, 30 000 ha, RD Congo, 30 000 ha, et Guin\u00e9e \u00e9quatoriale,13 ha. Les donn\u00e9es n\u2019\u00e9taient pas disponibles pour le Tchad et Sao Tom\u00e9-et-Principe.<\/p>\n<p style=\"margin: 0.2em 0px 0.4em; color: #333333; font-family: Ubuntu, sans-serif; font-size: 16px; text-align: justify;\">Si l\u2019on observe l\u2019\u00e9volution des plantations foresti\u00e8res en Afrique centrale, on remarque la cr\u00e9ation de plantations d\u2019eucalyptus au Congo, qui a d\u00e9marr\u00e9 dans les ann\u00e9es 1950 pour r\u00e9pondre \u00e0 un besoin croissant de bois-\u00e9nergie \u00e0 Pointe-Noire. Apr\u00e8s une succession d\u2019actionnaires, un bail emphyt\u00e9otique a \u00e9t\u00e9 sign\u00e9 entre la R\u00e9publique du Congo et la soci\u00e9t\u00e9 COFOR (Congo Forest Plantations), filiale congolaise du groupe fran\u00e7ais Forest Resources Management, sur une superficie de pr\u00e8s de 38 000 ha, constituant le \u00ab P\u00e9rim\u00e8tre de Reboisement de Madingo-Kayes \u00bb (PRMK), comprenant 8 000 ha de plantations d\u2019eucalyptus, 6 000 ha de zones d\u2019extension, des for\u00eats naturelles et des zones de protection.<\/p>\n<p style=\"margin: 0.2em 0px 0.4em; color: #333333; font-family: Ubuntu, sans-serif; font-size: 16px; text-align: justify;\">Cependant, les scientifiques ont constat\u00e9 que, malgr\u00e9 les importantes surfaces plant\u00e9es, les rendements \u00e9lev\u00e9s (plus de 20 m\u00b3 par ha chaque ann\u00e9e) et la proximit\u00e9 du port de Pointe-Noire entre autres, les plantations foresti\u00e8res du Congo n\u2019ont pas connu un essor comparable aux succ\u00e8s industriels observ\u00e9s en Afrique du Sud et en Am\u00e9rique du Sud avec des technologies \u00e9quivalentes. D\u2019apr\u00e8s eux, plusieurs facteurs sont \u00e0 l\u2019origine de cette situation, notamment le manque de diversification et l\u2019urbanisation croissante qui entra\u00eene une exploitation ill\u00e9gale chronique sur pr\u00e8s de 10 000 hectares.<\/p>\n<p style=\"margin: 0.2em 0px 0.4em; color: #333333; font-family: Ubuntu, sans-serif; font-size: 16px; text-align: justify;\"><a href=\"https:\/\/forestsnews.cifor.org\/81160\/les-contraintes-financieres-retardent-la-progression-des-plantations-forestieres-en-afrique-centrale?fnl=fr\" target=\"_blank\" rel=\"noopener\" style=\"color: #669c03;\">En savoir plus&#8230;<\/a><\/p>\n","protected":false},"excerpt":{"rendered":"<p>En d\u00e9pit de perspectives int\u00e9ressantes et d\u2019un fort potentiel, les plantations foresti\u00e8res occupent une superficie tr\u00e8s limit\u00e9e&hellip;<\/p>\n","protected":false},"author":5,"featured_media":9146,"comment_status":"open","ping_status":"open","sticky":false,"template":"","format":"standard","meta":{"give_campaign_id":0,"rs_blank_template":"","rs_page_bg_color":"","slide_template_v7":"","_jetpack_newsletter_access":"","_jetpack_dont_email_post_to_subs":false,"_jetpack_newsletter_tier_id":0,"_jetpack_memberships_contains_paywalled_content":false,"_jetpack_feature_clip_id":0,"_jetpack_memberships_contains_paid_content":false,"footnotes":"","jetpack_post_was_ever_published":false},"categories":[117],"tags":[],"class_list":["post-9147","post","type-post","status-publish","format-standard","has-post-thumbnail","hentry","category-actualites"],"jetpack_sharing_enabled":true,"jetpack_featured_media_url":"https:\/\/comifac.org\/wp-content\/uploads\/2023\/02\/CIFOR.jpg","_links":{"self":[{"href":"https:\/\/comifac.org\/index.php?rest_route=\/wp\/v2\/posts\/9147","targetHints":{"allow":["GET"]}}],"collection":[{"href":"https:\/\/comifac.org\/index.php?rest_route=\/wp\/v2\/posts"}],"about":[{"href":"https:\/\/comifac.org\/index.php?rest_route=\/wp\/v2\/types\/post"}],"author":[{"embeddable":true,"href":"https:\/\/comifac.org\/index.php?rest_route=\/wp\/v2\/users\/5"}],"replies":[{"embeddable":true,"href":"https:\/\/comifac.org\/index.php?rest_route=%2Fwp%2Fv2%2Fcomments&post=9147"}],"version-history":[{"count":0,"href":"https:\/\/comifac.org\/index.php?rest_route=\/wp\/v2\/posts\/9147\/revisions"}],"wp:featuredmedia":[{"embeddable":true,"href":"https:\/\/comifac.org\/index.php?rest_route=\/wp\/v2\/media\/9146"}],"wp:attachment":[{"href":"https:\/\/comifac.org\/index.php?rest_route=%2Fwp%2Fv2%2Fmedia&parent=9147"}],"wp:term":[{"taxonomy":"category","embeddable":true,"href":"https:\/\/comifac.org\/index.php?rest_route=%2Fwp%2Fv2%2Fcategories&post=9147"},{"taxonomy":"post_tag","embeddable":true,"href":"https:\/\/comifac.org\/index.php?rest_route=%2Fwp%2Fv2%2Ftags&post=9147"}],"curies":[{"name":"wp","href":"https:\/\/api.w.org\/{rel}","templated":true}]}}