{"id":9247,"date":"2023-03-31T14:49:16","date_gmt":"2023-03-31T14:49:16","guid":{"rendered":"https:\/\/comifac.org\/tridom-un-nouveau-projet-pour-ameliorer-la-gouvernance-et-promouvoir-le-developpement-durable\/"},"modified":"2023-03-31T14:49:16","modified_gmt":"2023-03-31T14:49:16","slug":"tridom-un-nouveau-projet-pour-ameliorer-la-gouvernance-et-promouvoir-le-developpement-durable","status":"publish","type":"post","link":"https:\/\/comifac.org\/?p=9247","title":{"rendered":"TRIDOM : Un nouveau projet pour am\u00e9liorer la gouvernance et promouvoir le d\u00e9veloppement durable"},"content":{"rendered":"<p><img fetchpriority=\"high\" decoding=\"async\" class=\" size-full wp-image-9246\" src=\"https:\/\/comifac.org\/wp-content\/uploads\/2023\/03\/338853692_1342963606246985_2599633191381558316_n.jpg\" alt=\"\" width=\"960\" height=\"540\" srcset=\"https:\/\/comifac.org\/wp-content\/uploads\/2023\/03\/338853692_1342963606246985_2599633191381558316_n.jpg 960w, https:\/\/comifac.org\/wp-content\/uploads\/2023\/03\/338853692_1342963606246985_2599633191381558316_n-600x338.jpg 600w\" sizes=\"(max-width: 960px) 100vw, 960px\" \/><\/p>\n<p style=\"text-align: justify;\"><span style=\"font-size: 12pt; color: #000000;\">L\u2019atelier de restitution de la mission de formulation du nouveau projet \u00ab <strong><em>Appui \u00e0 la gestion durable dans le complexe d\u2019aires prot\u00e9g\u00e9es TRIDOM<\/em><\/strong> \u00bb s\u2019est tenu \u00e0 l\u2019h\u00f4tel Mont Febe. Les travaux qui se sont tenus en format hybride ont \u00e9t\u00e9 pr\u00e9sid\u00e9s par le secr\u00e9taire ex\u00e9cutif adjoint et coordonnateur technique de la COMIFAC <strong><em>Chouaibou Nchoutpouen<\/em><\/strong>.<\/span><\/p>\n<p>  <!--more-->  <\/p>\n<p style=\"text-align: justify;\">&nbsp;<\/p>\n<p style=\"text-align: justify;\"><span style=\"font-size: 12pt; color: #000000;\">Une quarantaine de participants repr\u00e9sentant les administrations sectorielles des trois pays (Cameroun, Congo, Gabon), le secr\u00e9tariat ex\u00e9cutif de la COMIFAC, les organisations sous r\u00e9gionales, les organisations de la soci\u00e9t\u00e9 civile, y ont pris part.<\/span><\/p>\n<p style=\"text-align: justify;\"><span style=\"font-size: 12pt; color: #000000;\">Le projet \u00ab <strong><em>Appui \u00e0 la gestion durable dans le complexe d\u2019aires prot\u00e9g\u00e9es TRIDOM<\/em><\/strong> \u00bb est un nouveau module du Programme de Gestion Durable des For\u00eats dans le Bassin du Congo, un programme r\u00e9gional d\u2019appui \u00e0 la Commission des For\u00eats d\u2019Afrique Centrale (COMIFAC) financ\u00e9 par le Minist\u00e8re allemand de la coop\u00e9ration (BMZ). Il permettra aux acteurs priv\u00e9s, publics et la soci\u00e9t\u00e9 civile d\u2019 am\u00e9liorer ensemble la gouvernance du paysage TRIDOM pour un d\u00e9veloppement durable tout en pr\u00e9servant la biodiversit\u00e9.<\/span><\/p>\n<p style=\"text-align: justify;\"><span style=\"font-size: 12pt; color: #000000;\">Rendus au terme de la phase de collecte des donn\u00e9es aupr\u00e8s des parties prenantes sur le terrain, il \u00e9tait question pour l\u2019&nbsp;\u00e9quipe de mission en charge de ladite formulation d\u2019effectuer une restitution des premiers r\u00e9sultats qui en d\u00e9coulent avant la r\u00e9daction du premier draft du projet.<\/span><\/p>\n<p style=\"text-align: justify;\"><span style=\"font-size: 12pt; color: #000000;\">Du \u00e0 son caract\u00e8re r\u00e9gional, le projet \u00ab Appui \u00e0 la gestion durable dans le complexe d\u2019aires prot\u00e9g\u00e9es TRIDOM \u00bb est, sur le plan institutionnel, rattach\u00e9 au Secr\u00e9tariat Ex\u00e9cutif de la Commission des For\u00eats d\u2019Afrique Centrale (COMIFAC). Par ailleurs, les trois Etats ont sign\u00e9 un Accord de coop\u00e9ration en 2005 sous l\u2019\u00e9gide de la COMIFAC et le projet rentre en droite ligne des axes prioritaires du plan de convergence de la COMIFAC \u00e0 savoir&nbsp;: Gestion et valorisation durable des ressources foresti\u00e8res; (iii) Conservation et utilisation durable de la diversit\u00e9 biologique; (iv) Lutte contre les effets du changement climatique et la d\u00e9sertification;<\/span><\/p>\n<p style=\"text-align: justify;\"><span style=\"font-size: 12pt; color: #000000;\">Le d\u00e9but de la mise en \u0153uvre du projet est pr\u00e9vu pour le dernier semestre 2023.<\/span><\/p>\n<p style=\"text-align: justify;\"><span style=\"font-size: 12pt; color: #000000;\">En rappel, le complexe d&rsquo;aires prot\u00e9g\u00e9es Trinational Dja-Odzala-Mink\u00e9b\u00e9 (TRIDOM) fait partie des douze paysages du Bassin du Congo consid\u00e9r\u00e9s comme prioritaires par la COMIFAC dans son plan de convergence. Il s&rsquo;\u00e9tend sur une superficie d&rsquo;environ 178.000 km<sup>2<\/sup>. Le TRIDOM comprend actuellement 11 prot\u00e9g\u00e9es au Gabon, au Cameroun et en R\u00e9publique du Congo. Il compte parmi les zones foresti\u00e8res les plus intactes de la plan\u00e8te (environ 97 % de couverture foresti\u00e8re) et pr\u00e9sente une tr\u00e8s grande diversit\u00e9 biologique. La population de 300.000 habitants est principalement concentr\u00e9e dans la partie camerounaise du TRIDOM. Les zones des deux autres pays sont peu peupl\u00e9es. En tant que zone \u00e0 forte couverture foresti\u00e8re et faible d\u00e9forestation (High Forest Cover and Low Deforestation, HFLD), elle joue un r\u00f4le important dans la r\u00e9gulation du climat mondial.<\/span><\/p>\n<p style=\"text-align: justify;\"><span style=\"font-size: 12pt; color: #000000;\"><strong>A propos du Programme de Gestion Durable des For\u00eats dans le Bassin du Congo<\/strong><\/span><\/p>\n<p style=\"text-align: justify;\"><span style=\"font-size: 12pt; color: #000000;\">Le Programme de Gestion Durable des For\u00eats dans le Bassin du Congo est un programme r\u00e9gional d\u2019appui \u00e0 la Commission des For\u00eats d\u2019Afrique Centrale (COMIFAC) financ\u00e9 par le Minist\u00e8re allemand de la coop\u00e9ration (BMZ). Son objectif est de contribuer \u00e0 la protection et \u00e0 rendre durable l\u2019exploitation des ressources foresti\u00e8res du Bassin du Congo et des savanes avoisinantes. Il est constitu\u00e9 de deux modules de coop\u00e9ration technique ex\u00e9cut\u00e9s par la GIZ et de trois modules de coop\u00e9ration financi\u00e8re financ\u00e9s par la KFW. Actuellement, il est envisag\u00e9 d\u2019\u00e9largir ce programme par un nouveau module technique \u00ab&nbsp;Appui \u00e0 la gestion durable dans le complexe d\u2019aires prot\u00e9g\u00e9es TRIDOM&nbsp;\u00bb. Le partenaire politique du projet sera le Secr\u00e9tariat Ex\u00e9cutive de la COMIFAC.<\/span><\/p>\n","protected":false},"excerpt":{"rendered":"<p>L\u2019atelier de restitution de la mission de formulation du nouveau projet \u00ab Appui \u00e0 la gestion durable&hellip;<\/p>\n","protected":false},"author":5,"featured_media":9246,"comment_status":"open","ping_status":"open","sticky":false,"template":"","format":"standard","meta":{"give_campaign_id":0,"rs_blank_template":"","rs_page_bg_color":"","slide_template_v7":"","_jetpack_newsletter_access":"","_jetpack_dont_email_post_to_subs":false,"_jetpack_newsletter_tier_id":0,"_jetpack_memberships_contains_paywalled_content":false,"_jetpack_feature_clip_id":0,"_jetpack_memberships_contains_paid_content":false,"footnotes":"","jetpack_post_was_ever_published":false},"categories":[117],"tags":[],"class_list":["post-9247","post","type-post","status-publish","format-standard","has-post-thumbnail","hentry","category-actualites"],"jetpack_sharing_enabled":true,"jetpack_featured_media_url":"https:\/\/comifac.org\/wp-content\/uploads\/2023\/03\/338853692_1342963606246985_2599633191381558316_n.jpg","_links":{"self":[{"href":"https:\/\/comifac.org\/index.php?rest_route=\/wp\/v2\/posts\/9247","targetHints":{"allow":["GET"]}}],"collection":[{"href":"https:\/\/comifac.org\/index.php?rest_route=\/wp\/v2\/posts"}],"about":[{"href":"https:\/\/comifac.org\/index.php?rest_route=\/wp\/v2\/types\/post"}],"author":[{"embeddable":true,"href":"https:\/\/comifac.org\/index.php?rest_route=\/wp\/v2\/users\/5"}],"replies":[{"embeddable":true,"href":"https:\/\/comifac.org\/index.php?rest_route=%2Fwp%2Fv2%2Fcomments&post=9247"}],"version-history":[{"count":0,"href":"https:\/\/comifac.org\/index.php?rest_route=\/wp\/v2\/posts\/9247\/revisions"}],"wp:featuredmedia":[{"embeddable":true,"href":"https:\/\/comifac.org\/index.php?rest_route=\/wp\/v2\/media\/9246"}],"wp:attachment":[{"href":"https:\/\/comifac.org\/index.php?rest_route=%2Fwp%2Fv2%2Fmedia&parent=9247"}],"wp:term":[{"taxonomy":"category","embeddable":true,"href":"https:\/\/comifac.org\/index.php?rest_route=%2Fwp%2Fv2%2Fcategories&post=9247"},{"taxonomy":"post_tag","embeddable":true,"href":"https:\/\/comifac.org\/index.php?rest_route=%2Fwp%2Fv2%2Ftags&post=9247"}],"curies":[{"name":"wp","href":"https:\/\/api.w.org\/{rel}","templated":true}]}}