{"id":9252,"date":"2023-04-05T16:14:36","date_gmt":"2023-04-05T16:14:36","guid":{"rendered":"https:\/\/comifac.org\/le-burundi-a-la-tete-de-la-comifac-profitons-en\/"},"modified":"2023-04-05T16:14:36","modified_gmt":"2023-04-05T16:14:36","slug":"le-burundi-a-la-tete-de-la-comifac-profitons-en","status":"publish","type":"post","link":"https:\/\/comifac.org\/?p=9252","title":{"rendered":"Le Burundi \u00e0 la t\u00eate de la COMIFAC : \u00ab Profitons-en ! \u00bb"},"content":{"rendered":"<p><img fetchpriority=\"high\" decoding=\"async\" class=\" size-full wp-image-9251\" src=\"https:\/\/comifac.org\/wp-content\/uploads\/2023\/04\/Pr_sanctus.jpg\" alt=\"\" width=\"1600\" height=\"1066\" srcset=\"https:\/\/comifac.org\/wp-content\/uploads\/2023\/04\/Pr_sanctus.jpg 1600w, https:\/\/comifac.org\/wp-content\/uploads\/2023\/04\/Pr_sanctus-600x400.jpg 600w, https:\/\/comifac.org\/wp-content\/uploads\/2023\/04\/Pr_sanctus-400x267.jpg 400w, https:\/\/comifac.org\/wp-content\/uploads\/2023\/04\/Pr_sanctus-1024x682.jpg 1024w, https:\/\/comifac.org\/wp-content\/uploads\/2023\/04\/Pr_sanctus-768x512.jpg 768w, https:\/\/comifac.org\/wp-content\/uploads\/2023\/04\/Pr_sanctus-1536x1023.jpg 1536w, https:\/\/comifac.org\/wp-content\/uploads\/2023\/04\/Pr_sanctus-370x247.jpg 370w, https:\/\/comifac.org\/wp-content\/uploads\/2023\/04\/Pr_sanctus-760x506.jpg 760w, https:\/\/comifac.org\/wp-content\/uploads\/2023\/04\/Pr_sanctus-387x258.jpg 387w, https:\/\/comifac.org\/wp-content\/uploads\/2023\/04\/Pr_sanctus-500x333.jpg 500w\" sizes=\"(max-width: 1600px) 100vw, 1600px\" \/><\/p>\n<p style=\"margin: 0px 0px 20px; color: #333333; font-family: -apple-system, BlinkMacSystemFont, 'Segoe UI', Roboto, 'Droid Sans', Oxygen, Ubuntu, Cantarell, 'Fira Sans', sans-serif; font-size: 16px; text-align: justify;\"><span style=\"font-weight: bold;\"><span style=\"font-size: 12pt;\">Depuis le 17 mars, le Burundi dirige la Commission des For\u00eats d\u2019Afrique Centrale (COMIFAC), pour un mandat de deux ans. C\u2019est sorti de la 11<\/span><\/span><span style=\"font-size: 12pt;\"><span style=\"font-weight: bold;\">\u00e8me<\/span><span style=\"font-weight: bold;\">&nbsp;session ordinaire du conseil des ministres tenue du 14 au 17 mars, \u00e0 Bujumbura. Pour l\u2019environnementaliste Innocent Banirwaninzigo, c\u2019est une opportunit\u00e9 pour le Burundi de redorer son blason en mati\u00e8re de protection de l\u2019environnement. Analyse.<\/span><\/span><\/p>\n<p>  <!--more-->  <\/p>\n<p style=\"margin: 0px 0px 20px; color: #333333; font-family: -apple-system, BlinkMacSystemFont, 'Segoe UI', Roboto, 'Droid Sans', Oxygen, Ubuntu, Cantarell, 'Fira Sans', sans-serif; font-size: 16px; text-align: justify;\">&nbsp;<\/p>\n<p style=\"margin: 0px 0px 20px; color: #333333; font-family: -apple-system, BlinkMacSystemFont, 'Segoe UI', Roboto, 'Droid Sans', Oxygen, Ubuntu, Cantarell, 'Fira Sans', sans-serif; font-size: 16px;\"><span style=\"font-size: 12pt;\"><i>\u00ab&nbsp;C\u2019est un honneur pour le pays de pouvoir occuper ce poste pour une organisation qui comprend onze pays<\/i>&nbsp;\u00bb, commente Innocent Banirwaninzigo, environnementaliste.&nbsp;&nbsp;<\/span><\/p>\n<p style=\"margin: 0px 0px 20px; color: #333333; font-family: -apple-system, BlinkMacSystemFont, 'Segoe UI', Roboto, 'Droid Sans', Oxygen, Ubuntu, Cantarell, 'Fira Sans', sans-serif; font-size: 16px;\"><span style=\"font-size: 12pt;\">N\u00e9anmoins, il souligne qu\u2019il revient au pays de d\u00e9montrer qu\u2019il est \u00e0 la hauteur et de profiter de cette position pour \u00eatre un mod\u00e8le, corriger ses erreurs du pass\u00e9 dans la protection des for\u00eats&nbsp;:&nbsp;<i>\u00ab&nbsp;Ce qui passera par des actions concr\u00e8tes du d\u00e9veloppement du secteur forestier au Burundi, les pays membres ainsi que la mobilisation des fonds pour la sauvegarde des for\u00eats&nbsp;\u00bb,<\/i>&nbsp;analyse-t-il, indiquant que ces derni\u00e8res constituent un puit important du dioxyde de carbone (CO2) et d\u2019autres gaz.&nbsp;<\/span><\/p>\n<p style=\"margin: 0px 0px 20px; color: #333333; font-family: -apple-system, BlinkMacSystemFont, 'Segoe UI', Roboto, 'Droid Sans', Oxygen, Ubuntu, Cantarell, 'Fira Sans', sans-serif; font-size: 16px;\"><span style=\"font-size: 12pt;\">Au niveau national, cet environnementaliste souligne que le pays devrait se pencher sur les lois, les codes, les strat\u00e9gies et programmes.&nbsp;<i>\u00ab&nbsp;A cette occasion, le Burundi devra travailler pour \u00eatre un mod\u00e8le en ce qui est de la promotion, protection des for\u00eats&nbsp;\u00bb<\/i>, insiste-t-il, notant que certains instruments juridiques en mati\u00e8re de l\u2019environnement n\u2019ont pas jusqu\u2019aujourd\u2019hui des textes d\u2019application.<\/span><\/p>\n<p style=\"margin: 0px 0px 20px; color: #333333; font-family: -apple-system, BlinkMacSystemFont, 'Segoe UI', Roboto, 'Droid Sans', Oxygen, Ubuntu, Cantarell, 'Fira Sans', sans-serif; font-size: 16px;\"><span style=\"font-size: 12pt;\">M. Banirwaninzigo donne l\u2019exemple du code forestier de 2016 qui manque plus de 40 textes d\u2019application pour \u00eatre op\u00e9rationnel. Idem pour le code de l\u2019eau qui totalise actuellement plus de 10 ans avec un manque \u00e9loquent des textes d\u2019application, mentionne-t-il. Il pr\u00e9cise que ses articles 34, 35 pr\u00e9voient la mise en place du fonds national de l\u2019eau.&nbsp;<i>\u00ab&nbsp;Mais, jusqu\u2019aujourd\u2019hui, ce fonds n\u2019est pas encore institu\u00e9&nbsp;\u00bb<\/i>, d\u00e9plore cet environnementaliste.<\/span><\/p>\n<p style=\"margin: 0px 0px 20px; color: #333333; font-family: -apple-system, BlinkMacSystemFont, 'Segoe UI', Roboto, 'Droid Sans', Oxygen, Ubuntu, Cantarell, 'Fira Sans', sans-serif; font-size: 16px;\"><span style=\"font-size: 12pt;\">Et dans le contexte mondial de changement climatique, il indique que le Burundi n\u2019a pas encore une loi sp\u00e9cifique sur les changements climatiques.&nbsp;<i>\u00ab&nbsp;Et c\u2019est cette derni\u00e8re qui devrait r\u00e9glementer la fa\u00e7on dont il faut s\u2019adapter ou att\u00e9nuer et m\u00eame mobiliser les fonds pour faire face aux effets du changement climatique&nbsp;\u00bb,<\/i>&nbsp;explique-t-il, tout en rappelant que ces effets sont une r\u00e9alit\u00e9 au Burundi&nbsp;: cas des inondations, des r\u00e9partitions in\u00e9gales des pr\u00e9cipitations, la mont\u00e9e des temp\u00e9ratures, etc.<\/span><\/p>\n<h3 style=\"line-height: 1.15em; margin: 0px 0px 10px; font-size: 1.3em; padding-top: 10px; color: #333333; font-family: -apple-system, BlinkMacSystemFont, 'Segoe UI', Roboto, 'Droid Sans', Oxygen, Ubuntu, Cantarell, 'Fira Sans', sans-serif;\"><span style=\"font-size: 12pt;\">\u00catre un bon ambassadeur<\/span><\/h3>\n<p style=\"margin: 0px 0px 20px; color: #333333; font-family: -apple-system, BlinkMacSystemFont, 'Segoe UI', Roboto, 'Droid Sans', Oxygen, Ubuntu, Cantarell, 'Fira Sans', sans-serif; font-size: 16px;\"><span style=\"font-size: 12pt;\">M. Banirwaninzigo, environnementaliste mentionne que la COMIFAC participe dans des consultations sur le climat aupr\u00e8s de la Convention Cadre des Nations Unies sur le changement climatique.&nbsp;&nbsp;<i>\u00ab&nbsp;C\u2019est un grand d\u00e9fi pour un pays qui ne dispose pas une loi sp\u00e9cifique sur les changements climatiques&nbsp;\u00bb,<\/i>&nbsp;critique-t-il, appelant les d\u00e9cideurs \u00e0 faire tout pour que le Burundi se dote de cette loi afin d\u2019\u00eatre un bon ambassadeur pour les onze pays. D\u2019ailleurs, il signale que l\u2019int\u00e9gration des aspects changements climatiques dans des activit\u00e9s pour un pays qui n\u2019en dispose pas reste un d\u00e9fi de taille.<\/span><\/p>\n<p style=\"margin: 0px 0px 20px; color: #333333; font-family: -apple-system, BlinkMacSystemFont, 'Segoe UI', Roboto, 'Droid Sans', Oxygen, Ubuntu, Cantarell, 'Fira Sans', sans-serif; font-size: 16px;\"><span style=\"font-size: 12pt;\">Pour lui, le Burundi devrait aussi faire une introspection&nbsp;:&nbsp;<i>\u00ab&nbsp;Retourner en arri\u00e8re pour \u00e9valuer la mise en place des lois existantes dans le domaine de l\u2019environnement afin de prendre des d\u00e9cisions qui s\u2019imposent&nbsp;\u00bb.&nbsp;<\/i><\/span><\/p>\n<p style=\"margin: 0px 0px 20px; color: #333333; font-family: -apple-system, BlinkMacSystemFont, 'Segoe UI', Roboto, 'Droid Sans', Oxygen, Ubuntu, Cantarell, 'Fira Sans', sans-serif; font-size: 16px;\"><span style=\"font-size: 12pt;\">Cet environnementaliste d\u00e9plore d\u2019ailleurs le fait que beaucoup des textes, des lois n\u2019ont pas leurs versions en langues nationales alors que c\u2019est bien pr\u00e9cis dans l\u2019article 5 de la Constitution.&nbsp;&nbsp;<i>\u00ab&nbsp;Cela permettrait aux Burundais de s\u2019approprier de leurs contenus et les mettre en ex\u00e9cution&nbsp;\u00bb,<\/i>&nbsp;dit-il, notant que l\u2019article 35 de la m\u00eame loi fondamentale parle du r\u00f4le primordial de l\u2019Etat dans la participation, la gestion et la sauvegarde de l\u2019environnement.&nbsp;<\/span><\/p>\n<p style=\"margin: 0px 0px 20px; color: #333333; font-family: -apple-system, BlinkMacSystemFont, 'Segoe UI', Roboto, 'Droid Sans', Oxygen, Ubuntu, Cantarell, 'Fira Sans', sans-serif; font-size: 16px;\"><span style=\"font-size: 12pt;\">Ce qui signifie, d\u2019apr\u00e8s lui, que c\u2019est l\u2019Etat qui est le premier responsable dans la sauvegarde et la gestion des ressources naturelles. Une mission quasiment difficile quand les textes, les lois manquent de textes d\u2019application ou ne sont pas accessibles et compr\u00e9hensibles \u00e0 la population.<\/span><\/p>\n<p style=\"margin: 0px 0px 20px; color: #333333; font-family: -apple-system, BlinkMacSystemFont, 'Segoe UI', Roboto, 'Droid Sans', Oxygen, Ubuntu, Cantarell, 'Fira Sans', sans-serif; font-size: 16px;\"><span style=\"font-size: 12pt;\">En ce qui est de la situation actuelle des for\u00eats, Innocent Banirwaninzigo trouve qu\u2019elles sont menac\u00e9es. \u00ab&nbsp;<i>Le couvert forestier restant est estim\u00e9 \u00e0 173 mille ares alors que dans les ann\u00e9es 80, il \u00e9tait de 60% du territoire national. Bref, la superficie occup\u00e9e par les for\u00eats se r\u00e9tr\u00e9cit du jour au jour&nbsp;\u00bb,&nbsp;<\/i>d\u00e9plore-t-il, expliquant cela principalement par la pression d\u00e9mographique, les changements climatiques.&nbsp;&nbsp;<\/span><\/p>\n<h3 style=\"line-height: 1.15em; margin: 0px 0px 10px; font-size: 1.3em; padding-top: 10px; color: #333333; font-family: -apple-system, BlinkMacSystemFont, 'Segoe UI', Roboto, 'Droid Sans', Oxygen, Ubuntu, Cantarell, 'Fira Sans', sans-serif;\"><span style=\"font-size: 12pt;\">L\u2019un des points chauds de la biodiversit\u00e9 du monde<\/span><\/h3>\n<p style=\"margin: 0px 0px 20px; color: #333333; font-family: -apple-system, BlinkMacSystemFont, 'Segoe UI', Roboto, 'Droid Sans', Oxygen, Ubuntu, Cantarell, 'Fira Sans', sans-serif; font-size: 16px;\"><span style=\"font-size: 12pt;\">Les for\u00eats tropicales situ\u00e9es dans l\u2019espace COMIFAC&nbsp;<a href=\"https:\/\/fr.wikipedia.org\/wiki\/Commission_des_for%C3%AAts_d%27Afrique_centrale\" target=\"_blank\" rel=\"noopener noreferrer\" style=\"background-color: transparent; color: #199630; border-bottom: 2px dotted rgba(146, 146, 146, 0.7);\" data-action=\"content_interaction\" data-label=\"https:\/\/fr.wikipedia.org\/wiki\/Commission_des_for%C3%AAts_d%27Afrique_centrale\" data-category=\"external\">comptent parmi les plus importantes<\/a>&nbsp;au monde en mati\u00e8re de&nbsp;<a href=\"https:\/\/fr.wikipedia.org\/wiki\/Point_chaud_de_biodiversit%C3%A9\" target=\"_blank\" rel=\"noopener noreferrer\" style=\"background-color: transparent; color: #199630; border-bottom: 2px dotted rgba(146, 146, 146, 0.7);\" data-action=\"content_interaction\" data-label=\"https:\/\/fr.wikipedia.org\/wiki\/Point_chaud_de_biodiversit%C3%A9\" data-category=\"external\">point chaud de biodiversit\u00e9<\/a>. Elles renferment plus de la moiti\u00e9 de la faune et de la flore africaine, avec plus de 50&nbsp;% de la faune d\u2019Afrique&nbsp;; environ 400 esp\u00e8ces de mammif\u00e8res, dont l\u2019essentiel des populations relictuelles de&nbsp;<a href=\"https:\/\/fr.wikipedia.org\/wiki\/Gorille\" target=\"_blank\" rel=\"noopener noreferrer\" style=\"background-color: transparent; color: #199630; border-bottom: 2px dotted rgba(146, 146, 146, 0.7);\" data-action=\"content_interaction\" data-label=\"https:\/\/fr.wikipedia.org\/wiki\/Gorille\" data-category=\"external\">gorilles<\/a>,&nbsp;<a href=\"https:\/\/fr.wikipedia.org\/wiki\/Chimpanz%C3%A9\" target=\"_blank\" rel=\"noopener noreferrer\" style=\"background-color: transparent; color: #199630; border-bottom: 2px dotted rgba(146, 146, 146, 0.7);\" data-action=\"content_interaction\" data-label=\"https:\/\/fr.wikipedia.org\/wiki\/Chimpanz%C3%A9\" data-category=\"external\">chimpanz\u00e9s<\/a>&nbsp;et&nbsp;<a href=\"https:\/\/fr.wikipedia.org\/wiki\/Bonobo\" target=\"_blank\" rel=\"noopener noreferrer\" style=\"background-color: transparent; color: #199630; border-bottom: 2px dotted rgba(146, 146, 146, 0.7);\" data-action=\"content_interaction\" data-label=\"https:\/\/fr.wikipedia.org\/wiki\/Bonobo\" data-category=\"external\">bonobos<\/a>&nbsp;(chimpanz\u00e9s pygm\u00e9es) et environ 50&nbsp;% des&nbsp;<a href=\"https:\/\/fr.wikipedia.org\/wiki\/%C3%89l%C3%A9phant_d%27Afrique\" target=\"_blank\" rel=\"noopener noreferrer\" style=\"background-color: transparent; color: #199630; border-bottom: 2px dotted rgba(146, 146, 146, 0.7);\" data-action=\"content_interaction\" data-label=\"https:\/\/fr.wikipedia.org\/wiki\/%C3%89l%C3%A9phant_d%27Afrique\" data-category=\"external\">\u00e9l\u00e9phants d\u2019Afrique<\/a><a href=\"https:\/\/fr.wikipedia.org\/wiki\/Commission_des_for%C3%AAts_d%27Afrique_centrale#cite_note-PresentationComifac2016-1\" target=\"_blank\" rel=\"noopener noreferrer\" style=\"background-color: transparent; color: #199630; border-bottom: 2px dotted rgba(146, 146, 146, 0.7);\" data-action=\"content_interaction\" data-label=\"https:\/\/fr.wikipedia.org\/wiki\/Commission_des_for%C3%AAts_d%27Afrique_centrale#cite_note-PresentationComifac2016-1\" data-category=\"external\">1<\/a>&nbsp;; environ 665 esp\u00e8ces d\u2019oiseaux (dont 36&nbsp;% sont end\u00e9miques)&nbsp;; plus de 10&nbsp;000 esp\u00e8ces de plantes (dont environ 3&nbsp;000 sont end\u00e9miques).&nbsp;&nbsp;<\/span><\/p>\n<p style=\"margin: 0px 0px 20px; color: #333333; font-family: -apple-system, BlinkMacSystemFont, 'Segoe UI', Roboto, 'Droid Sans', Oxygen, Ubuntu, Cantarell, 'Fira Sans', sans-serif; font-size: 16px;\"><span style=\"font-size: 12pt;\">La COMIFAC est compos\u00e9e de onze pays dont l&rsquo;Angola,&nbsp; le Burundi, la R\u00e9publique d\u00e9mocratique du Congo (RDC), la R\u00e9publique centrafricaine (RCA), Congo-Brazzaville, Rwanda, Cameroun, Gabon, Guin\u00e9e Equatoriale, Tchad et Sao Tom\u00e9 et Principe.<\/span><\/p>\n","protected":false},"excerpt":{"rendered":"<p>Depuis le 17 mars, le Burundi dirige la Commission des For\u00eats d\u2019Afrique Centrale (COMIFAC), pour un mandat&hellip;<\/p>\n","protected":false},"author":5,"featured_media":9251,"comment_status":"open","ping_status":"open","sticky":false,"template":"","format":"standard","meta":{"give_campaign_id":0,"rs_blank_template":"","rs_page_bg_color":"","slide_template_v7":"","_jetpack_newsletter_access":"","_jetpack_dont_email_post_to_subs":false,"_jetpack_newsletter_tier_id":0,"_jetpack_memberships_contains_paywalled_content":false,"_jetpack_feature_clip_id":0,"_jetpack_memberships_contains_paid_content":false,"footnotes":"","jetpack_post_was_ever_published":false},"categories":[117],"tags":[],"class_list":["post-9252","post","type-post","status-publish","format-standard","has-post-thumbnail","hentry","category-actualites"],"jetpack_sharing_enabled":true,"jetpack_featured_media_url":"https:\/\/comifac.org\/wp-content\/uploads\/2023\/04\/Pr_sanctus.jpg","_links":{"self":[{"href":"https:\/\/comifac.org\/index.php?rest_route=\/wp\/v2\/posts\/9252","targetHints":{"allow":["GET"]}}],"collection":[{"href":"https:\/\/comifac.org\/index.php?rest_route=\/wp\/v2\/posts"}],"about":[{"href":"https:\/\/comifac.org\/index.php?rest_route=\/wp\/v2\/types\/post"}],"author":[{"embeddable":true,"href":"https:\/\/comifac.org\/index.php?rest_route=\/wp\/v2\/users\/5"}],"replies":[{"embeddable":true,"href":"https:\/\/comifac.org\/index.php?rest_route=%2Fwp%2Fv2%2Fcomments&post=9252"}],"version-history":[{"count":0,"href":"https:\/\/comifac.org\/index.php?rest_route=\/wp\/v2\/posts\/9252\/revisions"}],"wp:featuredmedia":[{"embeddable":true,"href":"https:\/\/comifac.org\/index.php?rest_route=\/wp\/v2\/media\/9251"}],"wp:attachment":[{"href":"https:\/\/comifac.org\/index.php?rest_route=%2Fwp%2Fv2%2Fmedia&parent=9252"}],"wp:term":[{"taxonomy":"category","embeddable":true,"href":"https:\/\/comifac.org\/index.php?rest_route=%2Fwp%2Fv2%2Fcategories&post=9252"},{"taxonomy":"post_tag","embeddable":true,"href":"https:\/\/comifac.org\/index.php?rest_route=%2Fwp%2Fv2%2Ftags&post=9252"}],"curies":[{"name":"wp","href":"https:\/\/api.w.org\/{rel}","templated":true}]}}