{"id":9255,"date":"2023-04-06T12:19:05","date_gmt":"2023-04-06T12:19:05","guid":{"rendered":"https:\/\/comifac.org\/nous-avons-connu-une-presidence-utile-credible-capable-de-faire-avancer-les-dossiers\/"},"modified":"2023-04-06T12:19:05","modified_gmt":"2023-04-06T12:19:05","slug":"nous-avons-connu-une-presidence-utile-credible-capable-de-faire-avancer-les-dossiers","status":"publish","type":"post","link":"https:\/\/comifac.org\/?p=9255","title":{"rendered":"\u2018\u2019 Nous avons connu une pr\u00e9sidence utile, cr\u00e9dible, capable de faire avancer les dossiers\u2019\u2019"},"content":{"rendered":"<p><img fetchpriority=\"high\" decoding=\"async\" class=\" size-full wp-image-9253\" src=\"https:\/\/comifac.org\/wp-content\/uploads\/2023\/04\/COP_26_Glasgow.jpg\" alt=\"\" width=\"1280\" height=\"958\" srcset=\"https:\/\/comifac.org\/wp-content\/uploads\/2023\/04\/COP_26_Glasgow.jpg 1280w, https:\/\/comifac.org\/wp-content\/uploads\/2023\/04\/COP_26_Glasgow-600x449.jpg 600w, https:\/\/comifac.org\/wp-content\/uploads\/2023\/04\/COP_26_Glasgow-400x299.jpg 400w, https:\/\/comifac.org\/wp-content\/uploads\/2023\/04\/COP_26_Glasgow-1024x766.jpg 1024w, https:\/\/comifac.org\/wp-content\/uploads\/2023\/04\/COP_26_Glasgow-768x575.jpg 768w, https:\/\/comifac.org\/wp-content\/uploads\/2023\/04\/COP_26_Glasgow-370x277.jpg 370w, https:\/\/comifac.org\/wp-content\/uploads\/2023\/04\/COP_26_Glasgow-760x569.jpg 760w, https:\/\/comifac.org\/wp-content\/uploads\/2023\/04\/COP_26_Glasgow-387x290.jpg 387w, https:\/\/comifac.org\/wp-content\/uploads\/2023\/04\/COP_26_Glasgow-500x374.jpg 500w\" sizes=\"(max-width: 1280px) 100vw, 1280px\" \/><\/p>\n<p><span style=\"color: #000000; font-size: 12pt;\"><strong>Regard de Chouaibou Nchoutpouen,&nbsp; S\u00e9cretaire Ex\u00e9cutif Adjoint et coordonnateur technique de la COMIFAC sur le mandat du ministre Jules Doret Ndongo&nbsp;\u00e0 la t\u00eate du conseil des ministres de la COMIFAC<\/strong><\/span><\/p>\n<p>  <!--more-->  <\/p>\n<p>&nbsp;<\/p>\n<p><span style=\"color: #000000; font-size: 12pt;\"><strong>Quelle appr\u00e9cition faites-vous du mandat du Ministre Jules Doret Ndongo<\/strong>&nbsp;<strong>\u00e0 la t\u00eate du conseil des ministres de la COMIFAC<\/strong>?<\/span><\/p>\n<p><span style=\"color: #000000; font-size: 12pt;\">Au terme de trois ann\u00e9es et demi pass\u00e9es \u00e0 la t\u00eate du conseil des ministres de la COMIFAC, je peux affirmer je suis plut\u00f4t satisfait du bilan obtenu. Nous avons connu une pr\u00e9sidence utile, cr\u00e9dible, capable de faire avancer les dossiers.&nbsp; &nbsp; &nbsp;<\/span><\/p>\n<p><span style=\"color: #000000; font-size: 12pt;\"><a href=\"https:\/\/comifac.org\/wp-content\/uploads\/2023\/04\/Impressions_du_SEA_COMIFAC_sur_la_Pr%C3%A9sidence_en_Exercice_du_Conseil_des_Ministres_sortant.pdf\">Lire la suite<\/a><a href=\"https:\/\/comifac.org\/wp-content\/uploads\/2023\/04\/Impressions_du_SEA_COMIFAC_sur_la_Pr%C3%A9sidence_en_Exercice_du_Conseil_des_Ministres_sortant.pdf\"><br \/><\/a><\/span><\/p>\n","protected":false},"excerpt":{"rendered":"<p>Regard de Chouaibou Nchoutpouen,&nbsp; S\u00e9cretaire Ex\u00e9cutif Adjoint et coordonnateur technique de la COMIFAC sur le mandat du&hellip;<\/p>\n","protected":false},"author":5,"featured_media":9253,"comment_status":"open","ping_status":"open","sticky":false,"template":"","format":"standard","meta":{"give_campaign_id":0,"rs_blank_template":"","rs_page_bg_color":"","slide_template_v7":"","_jetpack_newsletter_access":"","_jetpack_dont_email_post_to_subs":false,"_jetpack_newsletter_tier_id":0,"_jetpack_memberships_contains_paywalled_content":false,"_jetpack_feature_clip_id":0,"_jetpack_memberships_contains_paid_content":false,"footnotes":"","jetpack_post_was_ever_published":false},"categories":[117],"tags":[],"class_list":["post-9255","post","type-post","status-publish","format-standard","has-post-thumbnail","hentry","category-actualites"],"jetpack_sharing_enabled":true,"jetpack_featured_media_url":"https:\/\/comifac.org\/wp-content\/uploads\/2023\/04\/COP_26_Glasgow.jpg","_links":{"self":[{"href":"https:\/\/comifac.org\/index.php?rest_route=\/wp\/v2\/posts\/9255","targetHints":{"allow":["GET"]}}],"collection":[{"href":"https:\/\/comifac.org\/index.php?rest_route=\/wp\/v2\/posts"}],"about":[{"href":"https:\/\/comifac.org\/index.php?rest_route=\/wp\/v2\/types\/post"}],"author":[{"embeddable":true,"href":"https:\/\/comifac.org\/index.php?rest_route=\/wp\/v2\/users\/5"}],"replies":[{"embeddable":true,"href":"https:\/\/comifac.org\/index.php?rest_route=%2Fwp%2Fv2%2Fcomments&post=9255"}],"version-history":[{"count":0,"href":"https:\/\/comifac.org\/index.php?rest_route=\/wp\/v2\/posts\/9255\/revisions"}],"wp:featuredmedia":[{"embeddable":true,"href":"https:\/\/comifac.org\/index.php?rest_route=\/wp\/v2\/media\/9253"}],"wp:attachment":[{"href":"https:\/\/comifac.org\/index.php?rest_route=%2Fwp%2Fv2%2Fmedia&parent=9255"}],"wp:term":[{"taxonomy":"category","embeddable":true,"href":"https:\/\/comifac.org\/index.php?rest_route=%2Fwp%2Fv2%2Fcategories&post=9255"},{"taxonomy":"post_tag","embeddable":true,"href":"https:\/\/comifac.org\/index.php?rest_route=%2Fwp%2Fv2%2Ftags&post=9255"}],"curies":[{"name":"wp","href":"https:\/\/api.w.org\/{rel}","templated":true}]}}