{"id":9259,"date":"2023-04-13T11:14:56","date_gmt":"2023-04-13T11:14:56","guid":{"rendered":"https:\/\/comifac.org\/yaounde-abritera-du-10-au-12-juillet-2023-la-seconde-conference-internationale-des-ministres-sur-la-transhumance-transfrontaliere-entre-les-regions-du-sahel-et-du-nord-de-l-afrique-equatoriale\/"},"modified":"2023-04-13T11:14:56","modified_gmt":"2023-04-13T11:14:56","slug":"yaounde-abritera-du-10-au-12-juillet-2023-la-seconde-conference-internationale-des-ministres-sur-la-transhumance-transfrontaliere-entre-les-regions-du-sahel-et-du-nord-de-l-afrique-equatoriale","status":"publish","type":"post","link":"https:\/\/comifac.org\/?p=9259","title":{"rendered":"Yaound\u00e9 abritera du 10 au 12 juillet 2023 la seconde conf\u00e9rence Internationale des Ministres sur la Transhumance Transfrontali\u00e8re entre les r\u00e9gions du Sahel et du nord de l&rsquo;Afrique \u00e9quatoriale-PFBC"},"content":{"rendered":"<div class=\"ce_text block\" style=\"color: #333333; font-family: Ubuntu, sans-serif; font-size: 16px;\">\n<p style=\"margin: 0.2em 0px 0.4em; text-align: justify;\"><em>Yaound\u00e9, Cameroun, 10 avril 2023- C&rsquo;est l&rsquo;une des d\u00e9cisions de ce jour \u00e0 11h au Minist\u00e8re des Relations Exterieures lors de la r\u00e9union de pr\u00e9paration de la deuxi\u00e8me Conf\u00e9rence Internationale des Ministres sur la Transhumance Transfrontali\u00e8re, Nexus : transhumance, aires prot\u00e9g\u00e9es et ressources naturelles, d\u00e9veloppement, paix et s\u00e9curit\u00e9.<\/em><\/p>\n<p>  <!--more-->  <\/p>\n<p style=\"margin: 0.2em 0px 0.4em; text-align: justify;\">&nbsp;<\/p>\n<p style=\"margin: 0.2em 0px 0.4em;\"><strong><em>Le Cameroun, la CEEAC, la COMIFAC, la GIZ et le PFBC se concertent \u2026<\/em><\/strong><\/p>\n<p style=\"margin: 0.2em 0px 0.4em; text-align: justify;\"><em><img decoding=\"async\" src=\"https:\/\/pfbc-cbfp.org\/files\/docs\/news\/4-2023\/WhatsApp%20Image%202023-04-10%20at%2014.28.56.jpeg\" alt=\"\" style=\"max-width: 100%; height: auto; padding: 8px;\" \/><\/em><\/p>\n<p style=\"margin: 0.2em 0px 0.4em; text-align: justify;\">La r\u00e9union avait aussi pour objectif de passer en revue le projet de protocole d\u2019accord entre le Cameroun et La CEEEAC \u2013 PFBC relatif \u00e0 l\u2019organisation de la deuxi\u00e8me conf\u00e9rence internationale des Ministres sur la transhumance transfrontali\u00e8re.<\/p>\n<p style=\"margin: 0.2em 0px 0.4em; text-align: justify;\">Y ont pris part une vingtaine de participants entre autres :<\/p>\n<p style=\"margin: 0.2em 0px 0.4em; text-align: justify;\">&#8211; Les repr\u00e9sentants du Minist\u00e8re des Affaires \u00e9trang\u00e8res du Cameroun sous la conduite de SEM Ntaribo Ashu-Agborngah MP Directeur des Affaires Afrique<\/p>\n<p style=\"margin: 0.2em 0px 0.4em; text-align: justify;\">&#8211; Le repr\u00e9sentant de la CEEAC : Dr Baschirou Moussa Demsa, Expert transhumance de la CEEAC<\/p>\n<p style=\"margin: 0.2em 0px 0.4em; text-align: justify;\">&#8211; La repr\u00e9sentante de la COMIFAC : Mme Louisette Yebel, Charg\u00e9 de la Communication de la COMIFAC<\/p>\n<p style=\"margin: 0.2em 0px 0.4em; text-align: justify;\">&#8211; Les repr\u00e9sentants de la GIZ sous la conduite de M. Rico Langeheiner, Directeur R\u00e9sident de la GIZ<\/p>\n<p style=\"margin: 0.2em 0px 0.4em; text-align: justify;\">&#8211; Les Repr\u00e9sentants du PFBC sous la conduite de Dr Dany Pokem, Coordonnateur Technique du PFBC<\/p>\n<p style=\"margin: 0.2em 0px 0.4em; text-align: justify;\">Aux sorties de la r\u00e9union, il a \u00e9t\u00e9 act\u00e9 de reformuler plusieurs points du protocole. Des r\u00e9unions seront organis\u00e9es individuellement par les parties prenantes pour s&rsquo;accorder sur les engagements \u00e0 prendre pour la bonne tenue de cette conf\u00e9rence.<\/p>\n<p style=\"margin: 0.2em 0px 0.4em; text-align: justify;\">Ce grand rassemblement international de juillet regroupera en plus des repr\u00e9sentants des<a href=\"https:\/\/pfbc-cbfp.org\/membres-colleges.html\" target=\"_blank\" rel=\"noopener\" style=\"color: #669c03;\">&nbsp;07 coll\u00e8ges du PFBC<\/a>, plus de 8 d\u00e9l\u00e9gations minist\u00e9rielles des pays de la sous-r\u00e9gion impliqu\u00e9s dans la transhumance transfrontali\u00e8re \u00e0 savoir : Le Nigeria, le Niger, la RCA, le Soudan, le Tchad et le pays h\u00f4te : le Cameroun.<\/p>\n<p style=\"margin: 0.2em 0px 0.4em; text-align: justify;\">La conf\u00e9rence sera articul\u00e9e autour d\u2019un segment technique du 10 et 11 juillet et le segment politique du 12 juillet.<\/p>\n<p style=\"margin: 0.2em 0px 0.4em; text-align: justify;\">\u00c0 cet effet, en parall\u00e8le \u00e0 la r\u00e9union du 10 Avril au MINREX, les trois blocs g\u00e9ographiques Est, Ouest et Centre mis sur pieds pour le suivi de la d\u00e9claration de Ndjamena pr\u00e9parent les segments techniques ou finalisent leurs plans d&rsquo;action et plan d&rsquo;investissements. \u00c0 ce propos, le segment technique du Bloc Est a eu lieu ce 21 mars 2023 \u00e0 Kinshasa. Le Bloc Centre et le Bloc Ouest ont d\u00e9but\u00e9 leurs rassemblements techniques ce mercredi 12 Avril \u00e0 N\u2019Djam\u00e9na jusqu\u2019au 14 Avril 2023.<\/p>\n<p style=\"margin: 0.2em 0px 0.4em; text-align: justify;\">La 2<span style=\"font-size: 12px; line-height: 0; position: relative; vertical-align: baseline; top: -0.25em;\">nd<\/span>&nbsp;Conf\u00e9rence Internationale des Ministres sur la transhumance du 10 au 12 juillet 2023, va donc permettre de faire le point sur l\u2019avancement des acquis de la mise en \u0153uvre de la D\u00e9claration de N\u2019Djam\u00e9na et prendre les mesures appropri\u00e9es pour relever les d\u00e9fis li\u00e9s aux mouvements transfrontaliers de transhumance entre les r\u00e9gions du Sahel et du nord de l&rsquo;Afrique \u00e9quatoriale.<\/p>\n<p style=\"margin: 0.2em 0px 0.4em; text-align: justify;\">Cette grande conf\u00e9rence permettra aussi de passer le flambeau de la facilitation de la R\u00e9publique f\u00e9d\u00e9rale d&rsquo;Allemagne \u00e0 la CO- facilitateur France &#8211; Gabon.<\/p>\n<p style=\"margin: 0.2em 0px 0.4em; text-align: justify;\">D&rsquo;o\u00f9 les efforts d\u00e9ploy\u00e9s par toutes les parties impliqu\u00e9es pour faire de cette seconde conf\u00e9rence sur la transhumance transfrontali\u00e8re une r\u00e9ussite<\/p>\n<h4 style=\"font-size: 1.1em; margin: 0.75em 0px 0.3em; line-height: 1.5; font-weight: normal; text-align: justify;\">En savoir plus :<\/h4>\n<p style=\"margin: 0.2em 0px 0.4em; text-align: justify;\"><a href=\"https:\/\/archive.pfbc-cbfp.org\/actualites\/items\/D%C3%A9claration-NDjamena.html\" target=\"_blank\" rel=\"noopener\" style=\"color: #669c03;\">La D\u00e9claration de N\u2019Djamena disponible en t\u00e9l\u00e9chargement\u2026<\/a><\/p>\n<p style=\"margin: 0.2em 0px 0.4em; text-align: justify;\"><a href=\"https:\/\/pfbc-cbfp.org\/actualites-partenaires\/segment-technique-blocest-PFBC.html\" target=\"_blank\" rel=\"noopener\" style=\"color: #669c03;\">2nde Conf\u00e9rence Internationale des Ministres sur la transhumance transfrontali\u00e8re : le Bloc EST tient son segment technique<\/a><\/p>\n<p style=\"margin: 0.2em 0px 0.4em; text-align: justify;\"><a href=\"https:\/\/pfbc-cbfp.org\/actualites-partenaires\/PFBC-ONG-internationales.html\" target=\"_blank\" rel=\"noopener\" style=\"color: #669c03;\">L\u2019Honorable Dr Christian Ruck, Facilitateur du PFBC en discussion \u00e0 c\u0153ur ouvert avec les membres du Coll\u00e8ge des ONGs internationales du PFBC<\/a><\/p>\n<\/p><\/div>\n<div class=\"ce_gallery block\" style=\"margin: 1.5em 0px; color: #333333; font-family: Ubuntu, sans-serif; font-size: 16px;\">&nbsp;<\/div>\n","protected":false},"excerpt":{"rendered":"<p>Yaound\u00e9, Cameroun, 10 avril 2023- C&rsquo;est l&rsquo;une des d\u00e9cisions de ce jour \u00e0 11h au Minist\u00e8re des&hellip;<\/p>\n","protected":false},"author":5,"featured_media":9258,"comment_status":"open","ping_status":"open","sticky":false,"template":"","format":"standard","meta":{"give_campaign_id":0,"rs_blank_template":"","rs_page_bg_color":"","slide_template_v7":"","_jetpack_newsletter_access":"","_jetpack_dont_email_post_to_subs":false,"_jetpack_newsletter_tier_id":0,"_jetpack_memberships_contains_paywalled_content":false,"_jetpack_feature_clip_id":0,"_jetpack_memberships_contains_paid_content":false,"footnotes":"","jetpack_post_was_ever_published":false},"categories":[117],"tags":[],"class_list":["post-9259","post","type-post","status-publish","format-standard","has-post-thumbnail","hentry","category-actualites"],"jetpack_sharing_enabled":true,"jetpack_featured_media_url":"https:\/\/comifac.org\/wp-content\/uploads\/2023\/04\/Vue_des_participants.jpeg","_links":{"self":[{"href":"https:\/\/comifac.org\/index.php?rest_route=\/wp\/v2\/posts\/9259","targetHints":{"allow":["GET"]}}],"collection":[{"href":"https:\/\/comifac.org\/index.php?rest_route=\/wp\/v2\/posts"}],"about":[{"href":"https:\/\/comifac.org\/index.php?rest_route=\/wp\/v2\/types\/post"}],"author":[{"embeddable":true,"href":"https:\/\/comifac.org\/index.php?rest_route=\/wp\/v2\/users\/5"}],"replies":[{"embeddable":true,"href":"https:\/\/comifac.org\/index.php?rest_route=%2Fwp%2Fv2%2Fcomments&post=9259"}],"version-history":[{"count":0,"href":"https:\/\/comifac.org\/index.php?rest_route=\/wp\/v2\/posts\/9259\/revisions"}],"wp:featuredmedia":[{"embeddable":true,"href":"https:\/\/comifac.org\/index.php?rest_route=\/wp\/v2\/media\/9258"}],"wp:attachment":[{"href":"https:\/\/comifac.org\/index.php?rest_route=%2Fwp%2Fv2%2Fmedia&parent=9259"}],"wp:term":[{"taxonomy":"category","embeddable":true,"href":"https:\/\/comifac.org\/index.php?rest_route=%2Fwp%2Fv2%2Fcategories&post=9259"},{"taxonomy":"post_tag","embeddable":true,"href":"https:\/\/comifac.org\/index.php?rest_route=%2Fwp%2Fv2%2Ftags&post=9259"}],"curies":[{"name":"wp","href":"https:\/\/api.w.org\/{rel}","templated":true}]}}