{"id":9303,"date":"2023-06-02T15:04:49","date_gmt":"2023-06-02T15:04:49","guid":{"rendered":"https:\/\/comifac.org\/rca-le-ministre-thierry-kamack-attire-l-attention-sur-tout-ce-que-la-nature-offre-genereusementure-offre\/"},"modified":"2023-06-02T15:04:49","modified_gmt":"2023-06-02T15:04:49","slug":"rca-le-ministre-thierry-kamack-attire-l-attention-sur-tout-ce-que-la-nature-offre-genereusementure-offre","status":"publish","type":"post","link":"https:\/\/comifac.org\/?p=9303","title":{"rendered":"RCA: Le Ministre Thierry KAMACH attire l&rsquo;attention sur tout ce que la Nature offre g\u00e9n\u00e9reusement"},"content":{"rendered":"<p><img fetchpriority=\"high\" decoding=\"async\" class=\" size-full wp-image-9302\" src=\"https:\/\/comifac.org\/wp-content\/uploads\/2023\/06\/Thierry-Kamach-RCA_1.jpeg\" alt=\"\" width=\"252\" height=\"200\" \/><\/p>\n<p><span style=\"font-family: arial, helvetica, sans-serif; font-size: 12pt; color: #000000;\">Bangui, R\u00e9publique Centrafricaine, 22 Mai 2023-&nbsp;A l&rsquo;occasion de la c\u00e9l\u00e9bration de la Journ\u00e9e Internationale de la Biodiversit\u00e9, le Ministre de l&rsquo;Environnement et du D\u00e9veloppement Durable Thierry Kamach appelle les populations \u00e0 la conservation de la biodiversit\u00e9 biologique et rappelle ce que la Nature nous offre g\u00e9n\u00e9reusement<\/span><\/p>\n<p><a href=\"https:\/\/lepotentielcentrafricain.com\/le-ministre-thierry-kamach-attire-lattention-sur-tout-ce-que-la-nature-offre-genereusement\/?fbclid=IwAR2TwW_I-HK_X2KoGmrDXkZy8QgK7ompaHM-HCdXbqbhnJrDnSw5RMaIfH0\">D\u00e9claration du Ministre de l&rsquo;Environnement et du D\u00e9veloppement Durable<\/a><\/p>\n<p><span style=\"font-size: 12pt;\"><a href=\"https:\/\/comifac.org\/actualites\/nouvelles\/un-mecanisme-de-financement-direct-des-femmes-autochtones-d-afrique-centrale\"><\/a><\/span><\/p>\n","protected":false},"excerpt":{"rendered":"<p>Bangui, R\u00e9publique Centrafricaine, 22 Mai 2023-&nbsp;A l&rsquo;occasion de la c\u00e9l\u00e9bration de la Journ\u00e9e Internationale de la Biodiversit\u00e9,&hellip;<\/p>\n","protected":false},"author":5,"featured_media":9302,"comment_status":"open","ping_status":"open","sticky":false,"template":"","format":"standard","meta":{"give_campaign_id":0,"rs_blank_template":"","rs_page_bg_color":"","slide_template_v7":"","_jetpack_newsletter_access":"","_jetpack_dont_email_post_to_subs":false,"_jetpack_newsletter_tier_id":0,"_jetpack_memberships_contains_paywalled_content":false,"_jetpack_feature_clip_id":0,"_jetpack_memberships_contains_paid_content":false,"footnotes":"","jetpack_post_was_ever_published":false},"categories":[117],"tags":[276],"class_list":["post-9303","post","type-post","status-publish","format-standard","has-post-thumbnail","hentry","category-actualites","tag-rca"],"jetpack_sharing_enabled":true,"jetpack_featured_media_url":"https:\/\/comifac.org\/wp-content\/uploads\/2023\/06\/Thierry-Kamach-RCA_1.jpeg","_links":{"self":[{"href":"https:\/\/comifac.org\/index.php?rest_route=\/wp\/v2\/posts\/9303","targetHints":{"allow":["GET"]}}],"collection":[{"href":"https:\/\/comifac.org\/index.php?rest_route=\/wp\/v2\/posts"}],"about":[{"href":"https:\/\/comifac.org\/index.php?rest_route=\/wp\/v2\/types\/post"}],"author":[{"embeddable":true,"href":"https:\/\/comifac.org\/index.php?rest_route=\/wp\/v2\/users\/5"}],"replies":[{"embeddable":true,"href":"https:\/\/comifac.org\/index.php?rest_route=%2Fwp%2Fv2%2Fcomments&post=9303"}],"version-history":[{"count":0,"href":"https:\/\/comifac.org\/index.php?rest_route=\/wp\/v2\/posts\/9303\/revisions"}],"wp:featuredmedia":[{"embeddable":true,"href":"https:\/\/comifac.org\/index.php?rest_route=\/wp\/v2\/media\/9302"}],"wp:attachment":[{"href":"https:\/\/comifac.org\/index.php?rest_route=%2Fwp%2Fv2%2Fmedia&parent=9303"}],"wp:term":[{"taxonomy":"category","embeddable":true,"href":"https:\/\/comifac.org\/index.php?rest_route=%2Fwp%2Fv2%2Fcategories&post=9303"},{"taxonomy":"post_tag","embeddable":true,"href":"https:\/\/comifac.org\/index.php?rest_route=%2Fwp%2Fv2%2Ftags&post=9303"}],"curies":[{"name":"wp","href":"https:\/\/api.w.org\/{rel}","templated":true}]}}