{"id":9307,"date":"2023-06-05T16:02:43","date_gmt":"2023-06-05T16:02:43","guid":{"rendered":"https:\/\/comifac.org\/les-etats-membres-de-la-comifac-celebrent-la-journee-mondiale-de-l-environnement\/"},"modified":"2023-06-05T16:02:43","modified_gmt":"2023-06-05T16:02:43","slug":"les-etats-membres-de-la-comifac-celebrent-la-journee-mondiale-de-l-environnement","status":"publish","type":"post","link":"https:\/\/comifac.org\/?p=9307","title":{"rendered":"Les Etats membres de la COMIFAC c\u00e9l\u00e8brent la journ\u00e9e mondiale de l&rsquo;Environnement"},"content":{"rendered":"<p><span style=\"color: #000000; font-size: 12pt;\">La Journ\u00e9e mondiale de l&rsquo;environnement 2023 est un rappel que les actions des citoyens en mati\u00e8re de pollution plastique sont importantes. Les Etats membres de la COMIFAC ont adh\u00e9r\u00e9 \u00e0 la Convention sur la pollution plastique et ont des pris mesures pour lutter contre cette menace \u00e0 laquelle notre plan\u00e8te est confront\u00e9e.<\/span><\/p>\n<p>  <!--more-->  <\/p>\n<p>&nbsp;<\/p>\n<p><span style=\"font-size: 12pt;\">Retour sur les D\u00e9clarations de quelques Etats membres de la COMIFAC \u00e0 l\u2019occasion de cette journ\u00e9e.<\/span><\/p>\n<p><span style=\"color: #0000ff; font-size: 12pt;\">Congo: <a href=\"https:\/\/youtu.be\/ySJf0kMJ_Nc\" style=\"color: #0000ff;\">https:\/\/youtu.be\/ySJf0kMJ_Nc<\/a><\/span><br \/><span style=\"color: #0000ff; font-size: 12pt;\"> Gabon:&nbsp;<a href=\"https:\/\/youtu.be\/TR8vFKy69J4\" style=\"color: #0000ff;\">https:\/\/youtu.be\/TR8vFKy69J4<\/a><\/span><\/p>\n<p><span style=\"color: #0000ff; font-size: 12pt;\">Tchad:&nbsp;<a href=\"https:\/\/www.facebook.com\/profile.php?id=100069238080311\">https:\/\/www.facebook.com\/profile.php?id=100069238080311<\/a><a href=\"https:\/\/youtu.be\/TR8vFKy69J4\" style=\"color: #0000ff;\"><\/a><\/span><span style=\"color: #0000ff; font-size: 12pt;\"><a href=\"https:\/\/www.facebook.com\/profile.php?id=100069238080311*\" style=\"color: #0000ff;\"><br \/><\/a><\/span><\/p>\n<p><a href=\"https:\/\/medd.gouv.cd\/wp-content\/uploads\/2023\/06\/Message-MinEta-JME-2023.pdf?fbclid=IwAR2LJUCivUheL1lNagMYDMDb1M1glyq5LR1ucDyQsJd7cboGLPACEapbzKY\">RDC<\/a><\/p>\n","protected":false},"excerpt":{"rendered":"<p>La Journ\u00e9e mondiale de l&rsquo;environnement 2023 est un rappel que les actions des citoyens en mati\u00e8re de&hellip;<\/p>\n","protected":false},"author":5,"featured_media":9306,"comment_status":"open","ping_status":"open","sticky":false,"template":"","format":"standard","meta":{"give_campaign_id":0,"rs_blank_template":"","rs_page_bg_color":"","slide_template_v7":"","_jetpack_newsletter_access":"","_jetpack_dont_email_post_to_subs":false,"_jetpack_newsletter_tier_id":0,"_jetpack_memberships_contains_paywalled_content":false,"_jetpack_feature_clip_id":0,"_jetpack_memberships_contains_paid_content":false,"footnotes":"","jetpack_post_was_ever_published":false},"categories":[117],"tags":[],"class_list":["post-9307","post","type-post","status-publish","format-standard","has-post-thumbnail","hentry","category-actualites"],"jetpack_sharing_enabled":true,"jetpack_featured_media_url":"https:\/\/comifac.org\/wp-content\/uploads\/2023\/06\/rammassage_plastique.jpg","_links":{"self":[{"href":"https:\/\/comifac.org\/index.php?rest_route=\/wp\/v2\/posts\/9307","targetHints":{"allow":["GET"]}}],"collection":[{"href":"https:\/\/comifac.org\/index.php?rest_route=\/wp\/v2\/posts"}],"about":[{"href":"https:\/\/comifac.org\/index.php?rest_route=\/wp\/v2\/types\/post"}],"author":[{"embeddable":true,"href":"https:\/\/comifac.org\/index.php?rest_route=\/wp\/v2\/users\/5"}],"replies":[{"embeddable":true,"href":"https:\/\/comifac.org\/index.php?rest_route=%2Fwp%2Fv2%2Fcomments&post=9307"}],"version-history":[{"count":0,"href":"https:\/\/comifac.org\/index.php?rest_route=\/wp\/v2\/posts\/9307\/revisions"}],"wp:featuredmedia":[{"embeddable":true,"href":"https:\/\/comifac.org\/index.php?rest_route=\/wp\/v2\/media\/9306"}],"wp:attachment":[{"href":"https:\/\/comifac.org\/index.php?rest_route=%2Fwp%2Fv2%2Fmedia&parent=9307"}],"wp:term":[{"taxonomy":"category","embeddable":true,"href":"https:\/\/comifac.org\/index.php?rest_route=%2Fwp%2Fv2%2Fcategories&post=9307"},{"taxonomy":"post_tag","embeddable":true,"href":"https:\/\/comifac.org\/index.php?rest_route=%2Fwp%2Fv2%2Ftags&post=9307"}],"curies":[{"name":"wp","href":"https:\/\/api.w.org\/{rel}","templated":true}]}}