{"id":9311,"date":"2023-06-21T12:58:35","date_gmt":"2023-06-21T12:58:35","guid":{"rendered":"https:\/\/comifac.org\/le-receiac-lance-les-travaux-d-elaboration-de-sa-strategie-d-actions-pour-vulgariser-le-plan-de-convergence\/"},"modified":"2023-06-21T12:58:35","modified_gmt":"2023-06-21T12:58:35","slug":"le-receiac-lance-les-travaux-d-elaboration-de-sa-strategie-d-actions-pour-vulgariser-le-plan-de-convergence","status":"publish","type":"post","link":"https:\/\/comifac.org\/?p=9311","title":{"rendered":"Le RECEIAC lance les travaux d\u2019\u00e9laboration de sa strat\u00e9gie d\u2019actions pour vulgariser le Plan de convergence"},"content":{"rendered":"<p><img fetchpriority=\"high\" decoding=\"async\" class=\" size-full wp-image-9310\" src=\"https:\/\/comifac.org\/wp-content\/uploads\/2023\/06\/syl_1.jpg\" alt=\"\" width=\"1280\" height=\"622\" srcset=\"https:\/\/comifac.org\/wp-content\/uploads\/2023\/06\/syl_1.jpg 1280w, https:\/\/comifac.org\/wp-content\/uploads\/2023\/06\/syl_1-600x292.jpg 600w, https:\/\/comifac.org\/wp-content\/uploads\/2023\/06\/syl_1-400x194.jpg 400w, https:\/\/comifac.org\/wp-content\/uploads\/2023\/06\/syl_1-1024x498.jpg 1024w, https:\/\/comifac.org\/wp-content\/uploads\/2023\/06\/syl_1-768x373.jpg 768w, https:\/\/comifac.org\/wp-content\/uploads\/2023\/06\/syl_1-370x180.jpg 370w, https:\/\/comifac.org\/wp-content\/uploads\/2023\/06\/syl_1-760x369.jpg 760w, https:\/\/comifac.org\/wp-content\/uploads\/2023\/06\/syl_1-387x188.jpg 387w, https:\/\/comifac.org\/wp-content\/uploads\/2023\/06\/syl_1-500x243.jpg 500w\" sizes=\"(max-width: 1280px) 100vw, 1280px\" \/><\/p>\n<p style=\"margin: 0px 0px 20px; padding-top: 0px; padding-bottom: 0px; line-height: 1.8; color: #010101; font-family: -apple-system, BlinkMacSystemFont, 'Noto Sans', 'system-ui', 'Segoe UI', Roboto, Helvetica, Arial, sans-serif, 'Apple Color Emoji', 'Segoe UI Emoji', 'Segoe UI Symbol'; font-size: 16px;\"><span style=\"margin: 0px; padding: 0px;\">Bujumbura-Burundi, 13 juin 2023- Le R\u00e9seau des communicateurs pour l\u2019environnement et l\u2019information en Afrique centrale (RECEIAC) a lanc\u00e9 les travaux dd l\u2019atelier sous-r\u00e9gional d\u2019\u00e9laboration de sa strat\u00e9gie d\u2019action pour renforcer la vulgarisation et l\u2019appropriation du Plan de convergence de la COMIFAC (Commission des For\u00eats d\u2019Afrique Centrale), par les parties prenantes. Durant trois jours, les experts en communication de ce grand r\u00e9seau vont r\u00e9fl\u00e9chir et proposer des outils innovants pour rencontrer l\u2019axe transversal 3 de ce plan de convergence. La c\u00e9r\u00e9monie du lancement a eu lieu ce jour.<\/span><\/p>\n<p>  <!--more-->  <\/p>\n<p style=\"margin: 0px 0px 20px; padding-top: 0px; padding-bottom: 0px; line-height: 1.8; color: #010101; font-family: -apple-system, BlinkMacSystemFont, 'Noto Sans', 'system-ui', 'Segoe UI', Roboto, Helvetica, Arial, sans-serif, 'Apple Color Emoji', 'Segoe UI Emoji', 'Segoe UI Symbol'; font-size: 16px;\">&nbsp;<\/p>\n<p style=\"margin: 20px 0px; padding-top: 0px; padding-bottom: 0px; line-height: 1.8; color: #010101; font-family: -apple-system, BlinkMacSystemFont, 'Noto Sans', 'system-ui', 'Segoe UI', Roboto, Helvetica, Arial, sans-serif, 'Apple Color Emoji', 'Segoe UI Emoji', 'Segoe UI Symbol'; font-size: 16px;\">\u00ab&nbsp;<em style=\"margin: 0px; padding: 0px;\">Nous sommes r\u00e9unis pour b\u00e2tir une strat\u00e9gie de communication pour accro\u00eetre le niveau de connaissance du plan de convergence r\u00e9vis\u00e9 de la COMIFAC, et renforcer son appropriation par les parties prenantes. A ce titre le RECEIAC se positionne comme un organe \u00e0 m\u00eame de pouvoir accompagner la COMIFAC, la CEEAC, et les partenaires au d\u00e9veloppement dans la construction de leurs actions de communication&nbsp;<\/em>\u00bb, a d\u00e9clar\u00e9 Raoul Siemeni, pr\u00e9sident du RECEIAC.<\/p>\n<p style=\"margin: 20px 0px; padding-top: 0px; padding-bottom: 0px; line-height: 1.8; color: #010101; font-family: -apple-system, BlinkMacSystemFont, 'Noto Sans', 'system-ui', 'Segoe UI', Roboto, Helvetica, Arial, sans-serif, 'Apple Color Emoji', 'Segoe UI Emoji', 'Segoe UI Symbol'; font-size: 16px;\">Au cours de la 11<span style=\"margin: 0px; padding: 0px; position: relative; font-size: 12px; line-height: 0; vertical-align: baseline; top: -0.5em;\">\u00e8me<\/span>&nbsp;session extraordinaire des ministres de la COMIFAC, il a \u00e9t\u00e9 instruit au secr\u00e9tariat ex\u00e9cutif de poursuivre le processus de vulgarisation de cette deuxi\u00e8me version du Plan de convergence. L\u2019Atelier du RECEIAC s\u2019inscrit dans le cadre de la mise en \u0153uvre de cette instruction en vue d\u2019op\u00e9rationnaliser l\u2019axe transversal n\u00b03 du Plan de convergence de la COMIFAC, consacr\u00e9 \u00e0 la communication, sensibilisation, information et \u00e9ducation des parties prenantes.<\/p>\n<p style=\"margin: 20px 0px; padding-top: 0px; padding-bottom: 0px; line-height: 1.8; color: #010101; font-family: -apple-system, BlinkMacSystemFont, 'Noto Sans', 'system-ui', 'Segoe UI', Roboto, Helvetica, Arial, sans-serif, 'Apple Color Emoji', 'Segoe UI Emoji', 'Segoe UI Symbol'; font-size: 16px;\">\u00ab<em style=\"margin: 0px; padding: 0px;\">&nbsp;Il a \u00e9t\u00e9 constat\u00e9 que son niveau de connaissance et d\u2019appropriation par les parties parties prenantes et sa mise en \u0153uvre sont encore insuffisants. Ainsi, cet atelier a pour objectif de renforcer l\u2019appropriation dudit plan par les membres du RECEIAC&nbsp;<\/em>\u00bb, a pr\u00e9cis\u00e9 Louisette Yebel, charg\u00e9e de communication de la COMIFAC.<\/p>\n<p style=\"margin: 20px 0px; padding-top: 0px; padding-bottom: 0px; line-height: 1.8; color: #010101; font-family: -apple-system, BlinkMacSystemFont, 'Noto Sans', 'system-ui', 'Segoe UI', Roboto, Helvetica, Arial, sans-serif, 'Apple Color Emoji', 'Segoe UI Emoji', 'Segoe UI Symbol'; font-size: 16px;\">Pour un pays comme le Burundi, o\u00f9 l\u2019\u00e9conomie est bas\u00e9e sur l\u2019agriculture, toute perturbation climatique peut avoir des cons\u00e9quences dramatiques sur la s\u00e9curit\u00e9 alimentaire. Le gouvernement burundais a d\u00e9fini les orientations politiques permettant de faire face aux impacts du changement climatique \u00e0 travers le plan national de d\u00e9veloppement, le document d\u2019orientation de la politique environnementale, agricole et d\u2019\u00e9levage et les autres politiques sectorielles. Pour que ces objectifs soient atteints, la contribution d\u2019un r\u00e9seau comme le RECEIAC reste un atout \u00e0 capitaliser.<\/p>\n<p style=\"margin: 20px 0px; padding-top: 0px; padding-bottom: 0px; line-height: 1.8; color: #010101; font-family: -apple-system, BlinkMacSystemFont, 'Noto Sans', 'system-ui', 'Segoe UI', Roboto, Helvetica, Arial, sans-serif, 'Apple Color Emoji', 'Segoe UI Emoji', 'Segoe UI Symbol'; font-size: 16px;\">\u00ab&nbsp;<em style=\"margin: 0px; padding: 0px;\">Je note avec beaucoup de satisfaction que ces assises vont d\u00e9boucher sur l\u2019engagement de chacun de faire de la vulgarisation du plan de convergence de la COMIFAC, son propre combat en vue de l\u2019am\u00e9lioration de gestion des ressources naturelles afin d\u2019assurer le bien-\u00eatre de populations de nos pays respectifs&nbsp;<\/em>\u00bb, a d\u00e9clar\u00e9 Christian Nimubona, directeur g\u00e9n\u00e9ral de l\u2019Environnement, des ressources en eau et de l\u2019assainissement.<\/p>\n<p style=\"margin: 20px 0px; padding-top: 0px; padding-bottom: 0px; line-height: 1.8; color: #010101; font-family: -apple-system, BlinkMacSystemFont, 'Noto Sans', 'system-ui', 'Segoe UI', Roboto, Helvetica, Arial, sans-serif, 'Apple Color Emoji', 'Segoe UI Emoji', 'Segoe UI Symbol'; font-size: 16px;\">Le Plan de convergence de la COMIFAC a \u00e9t\u00e9 adopt\u00e9 par les chefs d\u2019Etat en f\u00e9vrier 2005, pour une p\u00e9riode de 10 ans. Ce plan a \u00e9t\u00e9 r\u00e9vis\u00e9 en 2015 pour prendre en compte les enjeux et d\u00e9fis nouveaux li\u00e9s au changement climatique, la conservation de la nature et le d\u00e9veloppement durable.<\/p>\n<p style=\"margin: 20px 0px; padding-top: 0px; padding-bottom: 0px; line-height: 1.8; color: #010101; font-family: -apple-system, BlinkMacSystemFont, 'Noto Sans', 'system-ui', 'Segoe UI', Roboto, Helvetica, Arial, sans-serif, 'Apple Color Emoji', 'Segoe UI Emoji', 'Segoe UI Symbol'; font-size: 16px;\">Notons que cet atelier a \u00e9t\u00e9 rendu possible gr\u00e2ce au financement de la Coop\u00e9ration allemande (GIZ). A l\u2019issue de ces travaux un plan d\u2019action sera pr\u00e9sent\u00e9 et une feuille de route \u00e9labor\u00e9e devra d\u00e9terminer les diff\u00e9rentes \u00e9tapes \u00e0 franchir d\u2019ici \u00e0 2025, pour renforcer l\u2019appropriation de ce plan de convergence de la COMIFAC.<\/p>\n<p style=\"margin: 20px 0px 0px; padding-top: 0px; padding-bottom: 0px; line-height: 1.8; color: #010101; font-family: -apple-system, BlinkMacSystemFont, 'Noto Sans', 'system-ui', 'Segoe UI', Roboto, Helvetica, Arial, sans-serif, 'Apple Color Emoji', 'Segoe UI Emoji', 'Segoe UI Symbol'; font-size: 16px;\">Depuis Bujumbura, Alfredo Prince NTUMBA<\/p>\n","protected":false},"excerpt":{"rendered":"<p>Bujumbura-Burundi, 13 juin 2023- Le R\u00e9seau des communicateurs pour l\u2019environnement et l\u2019information en Afrique centrale (RECEIAC) a&hellip;<\/p>\n","protected":false},"author":5,"featured_media":9310,"comment_status":"open","ping_status":"open","sticky":false,"template":"","format":"standard","meta":{"give_campaign_id":0,"rs_blank_template":"","rs_page_bg_color":"","slide_template_v7":"","_jetpack_newsletter_access":"","_jetpack_dont_email_post_to_subs":false,"_jetpack_newsletter_tier_id":0,"_jetpack_memberships_contains_paywalled_content":false,"_jetpack_feature_clip_id":0,"_jetpack_memberships_contains_paid_content":false,"footnotes":"","jetpack_post_was_ever_published":false},"categories":[117],"tags":[],"class_list":["post-9311","post","type-post","status-publish","format-standard","has-post-thumbnail","hentry","category-actualites"],"jetpack_sharing_enabled":true,"jetpack_featured_media_url":"https:\/\/comifac.org\/wp-content\/uploads\/2023\/06\/syl_1.jpg","_links":{"self":[{"href":"https:\/\/comifac.org\/index.php?rest_route=\/wp\/v2\/posts\/9311","targetHints":{"allow":["GET"]}}],"collection":[{"href":"https:\/\/comifac.org\/index.php?rest_route=\/wp\/v2\/posts"}],"about":[{"href":"https:\/\/comifac.org\/index.php?rest_route=\/wp\/v2\/types\/post"}],"author":[{"embeddable":true,"href":"https:\/\/comifac.org\/index.php?rest_route=\/wp\/v2\/users\/5"}],"replies":[{"embeddable":true,"href":"https:\/\/comifac.org\/index.php?rest_route=%2Fwp%2Fv2%2Fcomments&post=9311"}],"version-history":[{"count":0,"href":"https:\/\/comifac.org\/index.php?rest_route=\/wp\/v2\/posts\/9311\/revisions"}],"wp:featuredmedia":[{"embeddable":true,"href":"https:\/\/comifac.org\/index.php?rest_route=\/wp\/v2\/media\/9310"}],"wp:attachment":[{"href":"https:\/\/comifac.org\/index.php?rest_route=%2Fwp%2Fv2%2Fmedia&parent=9311"}],"wp:term":[{"taxonomy":"category","embeddable":true,"href":"https:\/\/comifac.org\/index.php?rest_route=%2Fwp%2Fv2%2Fcategories&post=9311"},{"taxonomy":"post_tag","embeddable":true,"href":"https:\/\/comifac.org\/index.php?rest_route=%2Fwp%2Fv2%2Ftags&post=9311"}],"curies":[{"name":"wp","href":"https:\/\/api.w.org\/{rel}","templated":true}]}}