{"id":9342,"date":"2023-07-07T16:08:59","date_gmt":"2023-07-07T16:08:59","guid":{"rendered":"https:\/\/comifac.org\/signature-du-protocole-d-accord-sur-la-la-deuxieme-conference-internationale-des-ministres-sur-la-transhumance-transfrontaliere-nexus-transhumance-aires-protegees-et-ressources-naturelles-developpemen\/"},"modified":"2023-07-07T16:08:59","modified_gmt":"2023-07-07T16:08:59","slug":"signature-du-protocole-d-accord-sur-la-la-deuxieme-conference-internationale-des-ministres-sur-la-transhumance-transfrontaliere-nexus-transhumance-aires-protegees-et-ressources-naturelles-developpemen","status":"publish","type":"post","link":"https:\/\/comifac.org\/?p=9342","title":{"rendered":"Signature du protocole d&rsquo;accord sur la  la deuxi\u00e8me Conf\u00e9rence Internationale des Ministres sur la Transhumance Transfrontali\u00e8re Nexus : transhumance, aires prot\u00e9g\u00e9es et ressources naturelles, d\u00e9veloppement, paix et s\u00e9curit\u00e9."},"content":{"rendered":"<p><img fetchpriority=\"high\" decoding=\"async\" class=\" size-full wp-image-9341\" src=\"https:\/\/comifac.org\/wp-content\/uploads\/2023\/07\/Family_pic_signature_MOU.jpg\" alt=\"\" width=\"960\" height=\"720\" srcset=\"https:\/\/comifac.org\/wp-content\/uploads\/2023\/07\/Family_pic_signature_MOU.jpg 960w, https:\/\/comifac.org\/wp-content\/uploads\/2023\/07\/Family_pic_signature_MOU-600x450.jpg 600w, https:\/\/comifac.org\/wp-content\/uploads\/2023\/07\/Family_pic_signature_MOU-400x300.jpg 400w, https:\/\/comifac.org\/wp-content\/uploads\/2023\/07\/Family_pic_signature_MOU-768x576.jpg 768w, https:\/\/comifac.org\/wp-content\/uploads\/2023\/07\/Family_pic_signature_MOU-370x278.jpg 370w, https:\/\/comifac.org\/wp-content\/uploads\/2023\/07\/Family_pic_signature_MOU-760x570.jpg 760w, https:\/\/comifac.org\/wp-content\/uploads\/2023\/07\/Family_pic_signature_MOU-387x290.jpg 387w, https:\/\/comifac.org\/wp-content\/uploads\/2023\/07\/Family_pic_signature_MOU-500x375.jpg 500w\" sizes=\"(max-width: 960px) 100vw, 960px\" \/><\/p>\n<p style=\"text-align: justify;\"><span style=\"font-size: 12pt; color: #000000; font-family: arial, helvetica, sans-serif;\">Yaound\u00e9, Cameroun, le 06 juillet 2023- La c\u00e9r\u00e9monie de signature du Protocole d&rsquo;entente entre le Gouvernement de la R\u00e9publique du Cameroun repr\u00e9sent\u00e9e par Son Excellence <strong>F\u00e9lix MBAYU<\/strong> Ministre D\u00e9l\u00e9gu\u00e9 aupr\u00e8s du Ministre des Relations Ext\u00e9rieures, charg\u00e9 de la Coop\u00e9ration avec le Commonwealth, la Commission des For\u00eats d\u2019Afrique Centrale represent\u00e9e par le Secr\u00e9taire Ex\u00e9cutif <strong>Dr Herv\u00e9 Martial MAIDOU,<\/strong> le Partenariat pour les For\u00eats du Bassin du Congo repr\u00e9sent\u00e9e par Honorable&nbsp;Dr<strong> Christian RUCK<\/strong> portant sur les modalit\u00e9s pratiques d&rsquo;organisation de la 2\u00e8me Conf\u00e9rence Internationale des Ministres sur la Transhumance Transfrontali\u00e8re s&rsquo;est tenue dans la salle de Conf\u00e9rences du Minist\u00e8re des Relations Exterieures.<\/span><\/p>\n<p>  <!--more-->  <\/p>\n<p style=\"text-align: justify;\">&nbsp;<\/p>\n<p style=\"text-align: justify;\"><span style=\"font-size: 12pt; color: #000000; font-family: arial, helvetica, sans-serif;\"><span style=\"color: #333333; font-family: 'Helvetica Neue', Arial, 'Liberation Sans', FreeSans, sans-serif;\">Ce document lance le coup d\u2019envoi officiel&nbsp; de cette Conf\u00e9rence, qui se tiendra, du 10 au 12 juillet 2023 \u00e0 Yaound\u00e9 et dont l&rsquo;objectif g\u00e9n\u00e9ral est&nbsp;<\/span><\/span><span style=\"font-size: 12pt; color: #000000; font-family: arial, helvetica, sans-serif;\">&nbsp;de faire le point sur l\u2019avancement des acquis de la mise en \u0153uvre de la D\u00e9claration de N\u2019Djam\u00e9na et prendre les mesures appropri\u00e9es pour relever les d\u00e9fis li\u00e9s aux mouvements transfrontaliers de transhumance entre les r\u00e9gions du Sahel et du nord de l&rsquo;Afrique \u00e9quatoriale.<\/span><\/p>\n<p style=\"text-align: justify;\"><span style=\"font-size: 12pt; color: #000000; font-family: arial, helvetica, sans-serif;\">Cette grande conf\u00e9rence verra aussi la passation du flambeau de la facilitation de la R\u00e9publique f\u00e9d\u00e9rale d&rsquo;Allemagne \u00e0 la CO- facilitateur France &#8211; Gabon.<\/span><\/p>\n<p>&nbsp;<\/p>\n","protected":false},"excerpt":{"rendered":"<p>Yaound\u00e9, Cameroun, le 06 juillet 2023- La c\u00e9r\u00e9monie de signature du Protocole d&rsquo;entente entre le Gouvernement de&hellip;<\/p>\n","protected":false},"author":5,"featured_media":9341,"comment_status":"open","ping_status":"open","sticky":false,"template":"","format":"standard","meta":{"give_campaign_id":0,"rs_blank_template":"","rs_page_bg_color":"","slide_template_v7":"","_jetpack_newsletter_access":"","_jetpack_dont_email_post_to_subs":false,"_jetpack_newsletter_tier_id":0,"_jetpack_memberships_contains_paywalled_content":false,"_jetpack_feature_clip_id":0,"_jetpack_memberships_contains_paid_content":false,"footnotes":"","jetpack_post_was_ever_published":false},"categories":[117],"tags":[],"class_list":["post-9342","post","type-post","status-publish","format-standard","has-post-thumbnail","hentry","category-actualites"],"jetpack_sharing_enabled":true,"jetpack_featured_media_url":"https:\/\/comifac.org\/wp-content\/uploads\/2023\/07\/Family_pic_signature_MOU.jpg","_links":{"self":[{"href":"https:\/\/comifac.org\/index.php?rest_route=\/wp\/v2\/posts\/9342","targetHints":{"allow":["GET"]}}],"collection":[{"href":"https:\/\/comifac.org\/index.php?rest_route=\/wp\/v2\/posts"}],"about":[{"href":"https:\/\/comifac.org\/index.php?rest_route=\/wp\/v2\/types\/post"}],"author":[{"embeddable":true,"href":"https:\/\/comifac.org\/index.php?rest_route=\/wp\/v2\/users\/5"}],"replies":[{"embeddable":true,"href":"https:\/\/comifac.org\/index.php?rest_route=%2Fwp%2Fv2%2Fcomments&post=9342"}],"version-history":[{"count":0,"href":"https:\/\/comifac.org\/index.php?rest_route=\/wp\/v2\/posts\/9342\/revisions"}],"wp:featuredmedia":[{"embeddable":true,"href":"https:\/\/comifac.org\/index.php?rest_route=\/wp\/v2\/media\/9341"}],"wp:attachment":[{"href":"https:\/\/comifac.org\/index.php?rest_route=%2Fwp%2Fv2%2Fmedia&parent=9342"}],"wp:term":[{"taxonomy":"category","embeddable":true,"href":"https:\/\/comifac.org\/index.php?rest_route=%2Fwp%2Fv2%2Fcategories&post=9342"},{"taxonomy":"post_tag","embeddable":true,"href":"https:\/\/comifac.org\/index.php?rest_route=%2Fwp%2Fv2%2Ftags&post=9342"}],"curies":[{"name":"wp","href":"https:\/\/api.w.org\/{rel}","templated":true}]}}