{"id":9344,"date":"2023-07-11T11:33:12","date_gmt":"2023-07-11T11:33:12","guid":{"rendered":"https:\/\/comifac.org\/cameroun-series-d-audiences-accordees-au-president-en-exercice-de-la-comifac\/"},"modified":"2023-07-11T11:33:12","modified_gmt":"2023-07-11T11:33:12","slug":"cameroun-series-d-audiences-accordees-au-president-en-exercice-de-la-comifac","status":"publish","type":"post","link":"https:\/\/comifac.org\/?p=9344","title":{"rendered":"Retrouvailles chaleureuses entre Pr\u00e9sidents en exercice du Conseil des Ministres de la COMIFAC"},"content":{"rendered":"<p><img fetchpriority=\"high\" decoding=\"async\" class=\" size-full wp-image-9343\" src=\"https:\/\/comifac.org\/wp-content\/uploads\/2023\/07\/PE_ET_MINFOF.jpg\" alt=\"\" width=\"1080\" height=\"1080\" srcset=\"https:\/\/comifac.org\/wp-content\/uploads\/2023\/07\/PE_ET_MINFOF.jpg 1080w, https:\/\/comifac.org\/wp-content\/uploads\/2023\/07\/PE_ET_MINFOF-300x300.jpg 300w, https:\/\/comifac.org\/wp-content\/uploads\/2023\/07\/PE_ET_MINFOF-150x150.jpg 150w, https:\/\/comifac.org\/wp-content\/uploads\/2023\/07\/PE_ET_MINFOF-600x600.jpg 600w, https:\/\/comifac.org\/wp-content\/uploads\/2023\/07\/PE_ET_MINFOF-400x400.jpg 400w, https:\/\/comifac.org\/wp-content\/uploads\/2023\/07\/PE_ET_MINFOF-1024x1024.jpg 1024w, https:\/\/comifac.org\/wp-content\/uploads\/2023\/07\/PE_ET_MINFOF-768x768.jpg 768w, https:\/\/comifac.org\/wp-content\/uploads\/2023\/07\/PE_ET_MINFOF-370x370.jpg 370w, https:\/\/comifac.org\/wp-content\/uploads\/2023\/07\/PE_ET_MINFOF-285x285.jpg 285w, https:\/\/comifac.org\/wp-content\/uploads\/2023\/07\/PE_ET_MINFOF-90x90.jpg 90w, https:\/\/comifac.org\/wp-content\/uploads\/2023\/07\/PE_ET_MINFOF-760x760.jpg 760w, https:\/\/comifac.org\/wp-content\/uploads\/2023\/07\/PE_ET_MINFOF-387x387.jpg 387w, https:\/\/comifac.org\/wp-content\/uploads\/2023\/07\/PE_ET_MINFOF-500x500.jpg 500w\" sizes=\"(max-width: 1080px) 100vw, 1080px\" \/><\/p>\n<p style=\"text-align: justify;\"><span style=\"color: #000000; font-size: 12pt;\">Yaound\u00e9, le 10 juillet 2023-&nbsp;Une image forte au Minist\u00e8re des for\u00eats et de la faune, le <strong>Pr Sanctus NIRAGIRA<\/strong> a retrouv\u00e9, celui qui lui a laiss\u00e9 les cl\u00e9s du conseil des Ministres de la COMIFAC le 17 mars dernier, le Ministre <strong>Jules Doret NDONGO<\/strong><\/span><\/p>\n<p>  <!--more-->  <\/p>\n<p style=\"text-align: justify;\"><span style=\"font-size: 12pt; color: #000000;\"><\/span><span style=\"font-size: 12pt; color: #000000;\">Les retrouvailles entre les deux personnalit\u00e9s se sont r\u00e9v\u00e9l\u00e9es plut\u00f4t chaleureuses.&nbsp;Les deux Ministres ont abord\u00e9 des questions relatives \u00e0 la gestion durable des r\u00e9serves foresti\u00e8res, \u00e0 la finalisation du processus de r\u00e9vision des lois fondamentales qui r\u00e9gissent cette organisation ainsi qu\u2019\u00e0 la n\u00e9cessit\u00e9 de convoquer le troisi\u00e8me sommet des chefs d\u2019Etat et de gouvernement des \u00c9tats membres de la COMIFAC.<\/span><\/p>\n<p style=\"margin: 0px; color: #1f1f1f; font-size: 0.85em; line-height: 1.9em; font-family: Roboto, sans-serif;\"><span style=\"font-size: 12pt; color: #000000;\">Apr\u00e8s avoir assur\u00e9 la pr\u00e9sidence de la Commission pendant plus de trois ans, le Ministre&nbsp;<b>Jules Doret Ndongo<\/b>&nbsp;a r\u00e9affirm\u00e9 son soutien ind\u00e9fectible \u00e0 l\u2019actuel Pr\u00e9sident de cette structure, en s\u2019appuyant sur son exp\u00e9rience afin qu\u2019il puisse mener \u00e0 bien son mandat. Il a ainsi renouvel\u00e9 au&nbsp;<b>Dr. Sanctus Niragira<\/b>&nbsp;sa disponibilit\u00e9 et son engagement dans le cadre de l\u2019exercice dudit mandat \u00e0 la t\u00eate de la COMIFAC.<\/span><\/p>\n<p style=\"text-align: justify;\"><span style=\"color: #000000; font-size: 12pt;\">Ils&nbsp; se sont rendus par la suite \u00e0 l\u2019immeuble si\u00e8ge de la COMIFAC en cours de construction.<\/span><\/p>\n<p style=\"text-align: justify;\"><span style=\"color: #000000; font-size: 12pt;\">Le Pr Sanctus NIRAGIRA participe \u00e0 la deuxi\u00e8me Conf\u00e9rence ministerielle sur la transhumance transfrontrali\u00e8re qui se tient du 10 au 12 juillet 2023 \u00e0 Yaound\u00e9.<\/span><\/p>\n<p><span style=\"font-size: 12pt;\"><span style=\"color: #000000;\">Bien vouloir consulter&nbsp; sur notre page facebook les&nbsp;<\/span><a href=\"https:\/\/www.facebook.com\/photo\/?fbid=666209568886583&amp;set=pcb.666212498886290\">Photos de l&rsquo;audience&nbsp;<\/a><\/span><\/p>\n<p><span style=\"font-size: 12pt; color: #0000ff;\">A lire aussi<\/span><\/p>\n<p><span style=\"font-size: 12pt; color: #000000;\"><a href=\"https:\/\/comifac.org\/actualites\/nouvelles\/le-pr-sanctus-niragira-recu-au-minepded\" style=\"color: #000000;\">Le Pr Sanctus NIRAGIRA re\u00e7u au MINEPDED<\/a><\/span><\/p>\n<p><span style=\"font-size: 12pt; color: #000000;\"><a href=\"https:\/\/comifac.org\/actualites\/nouvelles\/cameroun-comifac-une-cooperation-prometteuse\" style=\"color: #000000;\">CAMEROUN-COMIFAC: les bons points de la coop\u00e9ration<\/a><\/span><\/p>\n<p style=\"text-align: justify;\"><span style=\"color: #000000; font-family: arial, helvetica, sans-serif; font-size: 12pt;\"><\/span><\/p>\n<p style=\"text-align: justify;\"><span style=\"font-family: arial, helvetica, sans-serif; color: #000000; font-size: 12pt;\"><\/span><\/p>\n<div><span style=\"font-size: 12pt; font-family: arial, helvetica, sans-serif; color: #000000;\"><\/span><\/div>\n","protected":false},"excerpt":{"rendered":"<p>Yaound\u00e9, le 10 juillet 2023-&nbsp;Une image forte au Minist\u00e8re des for\u00eats et de la faune, le Pr&hellip;<\/p>\n","protected":false},"author":5,"featured_media":9343,"comment_status":"open","ping_status":"open","sticky":false,"template":"","format":"standard","meta":{"give_campaign_id":0,"rs_blank_template":"","rs_page_bg_color":"","slide_template_v7":"","_jetpack_newsletter_access":"","_jetpack_dont_email_post_to_subs":false,"_jetpack_newsletter_tier_id":0,"_jetpack_memberships_contains_paywalled_content":false,"_jetpack_feature_clip_id":0,"_jetpack_memberships_contains_paid_content":false,"footnotes":"","jetpack_post_was_ever_published":false},"categories":[117],"tags":[274],"class_list":["post-9344","post","type-post","status-publish","format-standard","has-post-thumbnail","hentry","category-actualites","tag-cameroun"],"jetpack_sharing_enabled":true,"jetpack_featured_media_url":"https:\/\/comifac.org\/wp-content\/uploads\/2023\/07\/PE_ET_MINFOF.jpg","_links":{"self":[{"href":"https:\/\/comifac.org\/index.php?rest_route=\/wp\/v2\/posts\/9344","targetHints":{"allow":["GET"]}}],"collection":[{"href":"https:\/\/comifac.org\/index.php?rest_route=\/wp\/v2\/posts"}],"about":[{"href":"https:\/\/comifac.org\/index.php?rest_route=\/wp\/v2\/types\/post"}],"author":[{"embeddable":true,"href":"https:\/\/comifac.org\/index.php?rest_route=\/wp\/v2\/users\/5"}],"replies":[{"embeddable":true,"href":"https:\/\/comifac.org\/index.php?rest_route=%2Fwp%2Fv2%2Fcomments&post=9344"}],"version-history":[{"count":0,"href":"https:\/\/comifac.org\/index.php?rest_route=\/wp\/v2\/posts\/9344\/revisions"}],"wp:featuredmedia":[{"embeddable":true,"href":"https:\/\/comifac.org\/index.php?rest_route=\/wp\/v2\/media\/9343"}],"wp:attachment":[{"href":"https:\/\/comifac.org\/index.php?rest_route=%2Fwp%2Fv2%2Fmedia&parent=9344"}],"wp:term":[{"taxonomy":"category","embeddable":true,"href":"https:\/\/comifac.org\/index.php?rest_route=%2Fwp%2Fv2%2Fcategories&post=9344"},{"taxonomy":"post_tag","embeddable":true,"href":"https:\/\/comifac.org\/index.php?rest_route=%2Fwp%2Fv2%2Ftags&post=9344"}],"curies":[{"name":"wp","href":"https:\/\/api.w.org\/{rel}","templated":true}]}}