{"id":9391,"date":"2023-08-02T15:37:05","date_gmt":"2023-08-02T15:37:05","guid":{"rendered":"https:\/\/comifac.org\/appel-a-manifestation-d-interet-pour-la-selection-d-un-consultant\/"},"modified":"2023-08-02T15:37:05","modified_gmt":"2023-08-02T15:37:05","slug":"appel-a-manifestation-d-interet-pour-la-selection-d-un-consultant","status":"publish","type":"post","link":"https:\/\/comifac.org\/?p=9391","title":{"rendered":"Appel  \u00e0 manifestation pour  l\u2019\u00e9laboration d\u2019un guide sous-r\u00e9gional de mise en \u0153uvre du Cadre mondial de la biodiversit\u00e9 Kunming-Montr\u00e9al et d\u2019autres d\u00e9cisions pertinentes de la COP15 CDB"},"content":{"rendered":"<p><span style=\"color: #000000; font-size: 12pt;\">La Commission des For\u00eats d&rsquo;Afrique Centrale lance un appel&nbsp; \u00e0 manifestatation pour&nbsp; l\u2019\u00e9laboration d\u2019un guide sous-r\u00e9gional de mise en \u0153uvre du Cadre mondial de la biodiversit\u00e9 Kunming-Montr\u00e9al et d\u2019autres d\u00e9cisions pertinentes de la COP15 CDB. Ce document facilitera et pourra orienter la r\u00e9vision effective des SPANB par les pays membres.<\/span><\/p>\n<p><span style=\"color: #000000; font-size: 12pt;\">Les pr\u00e9sents TDR d\u00e9finissent les objectifs, les r\u00e9sultats attendus, les \u00e9tapes n\u00e9cessaires, les \u00e9ch\u00e9ances et les modalit\u00e9s de recrutement d\u2019un consultant sous-r\u00e9gional charg\u00e9 de l\u2019\u00e9laboration dudit guide.<\/span><\/p>\n<p><span style=\"color: #000000; font-size: 12pt;\">&nbsp;Bien vouloir t\u00e9l\u00e9charger<\/span><span style=\"font-size: 12pt; color: #000000;\"> l&rsquo;<\/span><a href=\"https:\/\/comifac.org\/wp-content\/uploads\/2023\/08\/Appel_%C3%A0_manifestation_dinteret_relatifs_%C3%A0_l%C3%A9laboration_dun_Guide_sous-r%C3%A9gional_de_mise_en_%C5%93uvre_du_Cadre_mondiale_de_la_Biodiversit%C3%A9.pdf\">Appel \u00e0 manifestation<\/a><\/p>\n","protected":false},"excerpt":{"rendered":"<p>La Commission des For\u00eats d&rsquo;Afrique Centrale lance un appel&nbsp; \u00e0 manifestatation pour&nbsp; l\u2019\u00e9laboration d\u2019un guide sous-r\u00e9gional de&hellip;<\/p>\n","protected":false},"author":5,"featured_media":0,"comment_status":"open","ping_status":"open","sticky":false,"template":"","format":"standard","meta":{"give_campaign_id":0,"rs_blank_template":"","rs_page_bg_color":"","slide_template_v7":"","_jetpack_newsletter_access":"","_jetpack_dont_email_post_to_subs":false,"_jetpack_newsletter_tier_id":0,"_jetpack_memberships_contains_paywalled_content":false,"_jetpack_feature_clip_id":0,"_jetpack_memberships_contains_paid_content":false,"footnotes":"","jetpack_post_was_ever_published":false},"categories":[221],"tags":[],"class_list":["post-9391","post","type-post","status-publish","format-standard","hentry","category-opportunites"],"jetpack_sharing_enabled":true,"jetpack_featured_media_url":"","_links":{"self":[{"href":"https:\/\/comifac.org\/index.php?rest_route=\/wp\/v2\/posts\/9391","targetHints":{"allow":["GET"]}}],"collection":[{"href":"https:\/\/comifac.org\/index.php?rest_route=\/wp\/v2\/posts"}],"about":[{"href":"https:\/\/comifac.org\/index.php?rest_route=\/wp\/v2\/types\/post"}],"author":[{"embeddable":true,"href":"https:\/\/comifac.org\/index.php?rest_route=\/wp\/v2\/users\/5"}],"replies":[{"embeddable":true,"href":"https:\/\/comifac.org\/index.php?rest_route=%2Fwp%2Fv2%2Fcomments&post=9391"}],"version-history":[{"count":0,"href":"https:\/\/comifac.org\/index.php?rest_route=\/wp\/v2\/posts\/9391\/revisions"}],"wp:attachment":[{"href":"https:\/\/comifac.org\/index.php?rest_route=%2Fwp%2Fv2%2Fmedia&parent=9391"}],"wp:term":[{"taxonomy":"category","embeddable":true,"href":"https:\/\/comifac.org\/index.php?rest_route=%2Fwp%2Fv2%2Fcategories&post=9391"},{"taxonomy":"post_tag","embeddable":true,"href":"https:\/\/comifac.org\/index.php?rest_route=%2Fwp%2Fv2%2Ftags&post=9391"}],"curies":[{"name":"wp","href":"https:\/\/api.w.org\/{rel}","templated":true}]}}