{"id":9399,"date":"2023-08-26T19:37:56","date_gmt":"2023-08-26T19:37:56","guid":{"rendered":"https:\/\/comifac.org\/une-reunion-axee-sur-la-fourniture-de-financements-d-adaptation-pour-les-pays-vulnerables-au-climat-sera-organisee-lors-de-la-pre-cop28\/"},"modified":"2023-08-26T19:37:56","modified_gmt":"2023-08-26T19:37:56","slug":"une-reunion-axee-sur-la-fourniture-de-financements-d-adaptation-pour-les-pays-vulnerables-au-climat-sera-organisee-lors-de-la-pre-cop28","status":"publish","type":"post","link":"https:\/\/comifac.org\/?p=9399","title":{"rendered":"La COP 28 veut plus de financements  pour les pays vuln\u00e9rables au climat"},"content":{"rendered":"<p><img fetchpriority=\"high\" decoding=\"async\" class=\" size-full wp-image-9398\" src=\"https:\/\/comifac.org\/wp-content\/uploads\/2023\/08\/president_COP_28_en_Addis.jpg\" alt=\"\" width=\"297\" height=\"170\" \/><\/p>\n<div class=\"description rvfs-4\" style=\"margin: 0px 0px 30px; color: #666666; font-family: font; font-size: 14px;\" data-rvfs=\"4\">\n<p style=\"margin: 0px 0px 10px; line-height: 1.8; text-align: justify;\"><span style=\"color: #000000; font-size: 12pt; font-family: arial, helvetica, sans-serif;\">Addis Abeba, Ethiopie, 17 ao\u00fbt 2023 (WAM) &#8211; L&rsquo;annonce a \u00e9t\u00e9 faite par le ministre de l&rsquo;Industrie et des Technologies avanc\u00e9es et pr\u00e9sident d\u00e9sign\u00e9 de la COP 28, Dr. Sultan bin Ahmed Al Jaber, lors de la Conf\u00e9rence minist\u00e9rielle africaine sur l&rsquo;environnement (African Ministerial Conference on the Environment) (ACMEN). <span style=\"font-size: 12pt; font-family: arial, helvetica, sans-serif;\">la pr\u00e9sidence de la COP28 co-organisera avec le gouvernement britannique une r\u00e9union minist\u00e9rielle sur le climat et le d\u00e9veloppement lors de la pr\u00e9-COP ax\u00e9e sur la fourniture de financements d&rsquo;adaptation pour les pays vuln\u00e9rables au climat, et que la r\u00e9union serait copr\u00e9sid\u00e9 par le Malawi et le Vanuatu.<\/span><\/span><\/p>\n<p>  <!--more-->  <\/p>\n<p style=\"margin: 0px 0px 10px; line-height: 1.8; text-align: justify;\">&nbsp;<\/p>\n<div><span style=\"font-size: 12pt; font-family: arial, helvetica, sans-serif;\"><\/span><\/div>\n<p style=\"margin: 0px 0px 10px; line-height: 1.8; text-align: justify;\"><span style=\"color: #000000; font-size: 12pt; font-family: arial, helvetica, sans-serif;\">Le Pr\u00e9sident de la COP 28 a soulign\u00e9 le besoin urgent d&rsquo;augmenter le financement climatique des pays africains pour leur permettre de saisir l&rsquo;opportunit\u00e9 d&rsquo;un avenir sans carbone et r\u00e9silient au changement climatique.<\/span><\/p>\n<p style=\"margin: 0px 0px 10px; line-height: 1.8; text-align: justify;\"><span style=\"color: #000000; font-family: arial, helvetica, sans-serif; font-size: 12pt;\">Le Pr\u00e9sident de la COP 28 a pr\u00e9sent\u00e9 son plan d&rsquo;action en quatre points pour la COP28 afin d&rsquo;acc\u00e9l\u00e9rer la transition \u00e9nerg\u00e9tique, de r\u00e9parer le financement climatique international, de se concentrer sur la vie et les moyens de subsistance des personnes et de tout soutenir avec une inclusion totale.<\/span><\/p>\n<p style=\"margin: 0px 0px 10px; line-height: 1.8; text-align: justify;\"><span style=\"color: #000000; font-size: 12pt; font-family: arial, helvetica, sans-serif;\">L&rsquo;ACMEN est une r\u00e9union des ministres de l&rsquo;environnement de toute l&rsquo;Afrique. Il s&rsquo;agit d&rsquo;un forum cl\u00e9 pour l&rsquo;\u00e9laboration des politiques de l&rsquo;Union africaine sur le changement climatique, fournissant des orientations politiques et coordonnant les positions africaines communes pour les sommets r\u00e9gionaux et mondiaux, tels que la COP28. La participation du Dr. Al Jaber au sommet de l&rsquo;ACMEN a \u00e9t\u00e9 un moment important pour mobiliser les dirigeants africains avant la COP28 et pr\u00e9parer le terrain pour des r\u00e9sultats solides en mati\u00e8re de financement, d&rsquo;adaptation et de pertes et dommages.<\/span><\/p>\n<p style=\"margin: 0px 0px 10px; line-height: 1.8; text-align: justify;\"><span style=\"color: #000000; font-size: 12pt; font-family: arial, helvetica, sans-serif;\">Dr. Al Jaber a commenc\u00e9 par noter qu&rsquo;une action urgente \u00e9tait n\u00e9cessaire pour remettre le monde sur la bonne voie pour atteindre les objectifs de l&rsquo;Accord de Paris et maintenir l&rsquo;ambition de 1,5 \u00e0 port\u00e9e de main.<\/span><\/p>\n<p style=\"margin: 0px 0px 10px; line-height: 1.8; text-align: justify;\"><span style=\"color: #000000; font-size: 12pt; font-family: arial, helvetica, sans-serif;\">\u00ab\u00a0A un peu plus de 100 jours avant que le monde ne se r\u00e9unisse \u00e0 Duba\u00ef pour la COP28, la science et le bon sens nous disent que notre r\u00e9ponse collective au changement climatique est loin d&rsquo;\u00eatre suffisante\u00a0\u00bb, a-t-il ajout\u00e9.<\/span><\/p>\n<p style=\"margin: 0px 0px 10px; line-height: 1.8; text-align: justify;\"><span style=\"color: #000000; font-size: 12pt; font-family: arial, helvetica, sans-serif;\">Dans ses remarques, Dr. Al Jaber a soulign\u00e9 la position de l&rsquo;Afrique comme l&rsquo;une des r\u00e9gions les plus durement touch\u00e9es par les \u00e9v\u00e9nements m\u00e9t\u00e9orologiques extr\u00eames li\u00e9s au climat, de la Corne de l&rsquo;Afrique au lac Tchad et au-del\u00e0. Il a d\u00e9clar\u00e9 : \u00ab\u00a0Du Pakistan \u00e0 Hawa\u00ef, nous avons vu trop de vies et de moyens de subsistance d\u00e9vast\u00e9s. Pourtant, l&rsquo;Afrique est confront\u00e9e \u00e0 des conditions climatiques extr\u00eames avec des impacts plus importants depuis plus longtemps que la plupart.<\/span><\/p>\n<p style=\"margin: 0px 0px 10px; line-height: 1.8; text-align: justify;\"><span style=\"color: #000000; font-size: 12pt; font-family: arial, helvetica, sans-serif;\">\u00ab\u00a0Ici, dans la Corne de l&rsquo;Afrique, les pluies ne sont pas tomb\u00e9es depuis plus de quatre saisons, et 23 millions de personnes sont d\u00e9sormais confront\u00e9es \u00e0 une famine s\u00e9v\u00e8re en \u00c9thiopie, au Kenya et en Somalie. Le lac Tchad, autrefois source vitale pour des millions de personnes au Nigeria, au Niger, au Tchad et au Cameroun, a diminu\u00e9 d&rsquo;un dixi\u00e8me de sa taille. Et les inondations continues ont d\u00e9truit les cultures et propag\u00e9 des maladies \u00e0 transmission vectorielle au Malawi, au Mozambique, \u00e0 Madagascar, en Zambie et au Rwanda.<\/span><\/p>\n<p style=\"margin: 0px 0px 10px; line-height: 1.8; text-align: justify;\"><span style=\"color: #000000; font-size: 12pt; font-family: arial, helvetica, sans-serif;\">En reconnaissant les initiatives climatiques des gouvernements africains, Dr. Al Jaber a soulign\u00e9 les efforts de l&rsquo;h\u00f4te de la r\u00e9union, l&rsquo;\u00c9thiopie, pour lutter contre le changement climatique. Concernant l&rsquo;att\u00e9nuation, a-t-il not\u00e9, \u00ab\u00a0ici en \u00c9thiopie, pr\u00e8s de 100 % de l&rsquo;\u00e9nergie du pays provient de l&rsquo;\u00e9nergie hydro\u00e9lectrique renouvelable\u00a0\u00bb. Concernant l&rsquo;adaptation, il a poursuivi : \u00ab\u00a0L&rsquo;\u00c9thiopie n&rsquo;est qu&rsquo;un des pays qui montre la voie avec sa Green Legacy Initiative (GLI). Depuis 2019, le GLI a plant\u00e9 plus de 25 milliards de semis, am\u00e9lior\u00e9 l&rsquo;agriculture durable, renforc\u00e9 la s\u00e9curit\u00e9 alimentaire, export\u00e9 des aliments sains vers les march\u00e9s \u00e9trangers et cr\u00e9\u00e9 pr\u00e8s d&rsquo;un million de nouveaux emplois verts en cours de route\u00a0\u00bb.<\/span><\/p>\n<p style=\"margin: 0px 0px 10px; line-height: 1.8; text-align: justify;\"><span style=\"color: #000000; font-size: 12pt; font-family: arial, helvetica, sans-serif;\">Cependant, Dr. Sultan a not\u00e9 que le \u00ab\u00a0manque chronique de financements climatiques disponibles, accessibles et abordables\u00a0\u00bb est un \u00ab\u00a0obstacle majeur\u00a0\u00bb qui entrave la poursuite des progr\u00e8s en mati\u00e8re d&rsquo;action climatique.<\/span><\/p>\n<p style=\"margin: 0px 0px 10px; line-height: 1.8; text-align: justify;\"><span style=\"color: #000000; font-size: 12pt; font-family: arial, helvetica, sans-serif;\">Il a indiqu\u00e9 : \u00ab\u00a0Actuellement, \u00e0 peine un dixi\u00e8me du financement mondial pour le climat est achemin\u00e9 vers l&rsquo;Afrique. Selon la Banque africaine de d\u00e9veloppement, pr\u00e8s de 250 milliards de dollars par an sont n\u00e9cessaires pour respecter les engagements de l&rsquo;Afrique en mati\u00e8re de contribution d\u00e9termin\u00e9e au niveau national (NDC) jusqu&rsquo;en 2030. Pourtant, ce continent de 54 pays qui contribuent \u00e0 moins de 5% des \u00e9missions mondiales, re\u00e7oivent moins de 30 milliards par an. Et les flux de financement priv\u00e9 vers l&rsquo;Afrique ne repr\u00e9sentent qu&rsquo;une fraction de ce qui est vers\u00e9 au reste du monde. Telles sont les r\u00e9alit\u00e9s. Ils doivent \u00eatre r\u00e9par\u00e9s. Et ils doivent \u00eatre r\u00e9par\u00e9s maintenant.<\/span><\/p>\n<p style=\"margin: 0px 0px 10px; line-height: 1.8; text-align: justify;\"><span style=\"color: #000000; font-family: arial, helvetica, sans-serif; font-size: 12pt;\">Discutant du plan d&rsquo;action du programme d&rsquo;action de la COP28 pour r\u00e9parer le financement climatique, Dr. Al Jaber a not\u00e9 que le plan avait \u00e9t\u00e9 \u00e9clair\u00e9 par sa tourn\u00e9e d&rsquo;\u00e9coute et d&rsquo;engagement avec des personnes du monde entier, en particulier d&rsquo;Afrique.<\/span><\/p>\n<p style=\"margin: 0px 0px 10px; line-height: 1.8; text-align: justify;\"><span style=\"color: #000000; font-size: 12pt; font-family: arial, helvetica, sans-serif;\">Il a r\u00e9it\u00e9r\u00e9 l&rsquo;appel de la pr\u00e9sidence de la COP28 \u00e0 la communaut\u00e9 internationale pour qu&rsquo;elle tienne ses promesses historiques. Cela comprenait l&rsquo;engagement du monde d\u00e9velopp\u00e9 de 100 milliards de dollars de financement climatique annuel pour le monde en d\u00e9veloppement, le doublement du financement de l&rsquo;adaptation d&rsquo;ici 2050 et la reconstitution du Fonds vert pour le climat. Il a \u00e9galement soulign\u00e9 la n\u00e9cessit\u00e9 de l&rsquo;op\u00e9rationnalisation du fonds pour les pertes et dommages et des modalit\u00e9s de financement et de l&rsquo;engagement rapide des promesses.<\/span><\/p>\n<p style=\"margin: 0px 0px 10px; line-height: 1.8; text-align: justify;\"><span style=\"color: #000000; font-size: 12pt; font-family: arial, helvetica, sans-serif;\">Dr. Al Jaber a \u00e9galement discut\u00e9 des principales recommandations issues de la r\u00e9cente r\u00e9union de la pr\u00e9sidence du Groupe d&rsquo;experts ind\u00e9pendants de haut niveau (Independent High Level Expert Group) (IHLEG) sur la mani\u00e8re de moderniser l&rsquo;ensemble de l&rsquo;architecture financi\u00e8re mondiale. Il a not\u00e9 que les institutions financi\u00e8res internationales et les banques multilat\u00e9rales de d\u00e9veloppement \u00ab\u00a0ont \u00e9t\u00e9 construites pour la seconde moiti\u00e9 du si\u00e8cle dernier. Il est urgent de les moderniser pour r\u00e9pondre aux besoins de celui-ci\u00a0\u00bb.<\/span><\/p>\n<p style=\"margin: 0px 0px 10px; line-height: 1.8; text-align: justify;\"><span style=\"color: #000000; font-size: 12pt; font-family: arial, helvetica, sans-serif;\">\u00ab\u00a0Les fonds concessionnels doivent \u00eatre \u00e9largis pour r\u00e9duire les risques et attirer davantage de capitaux priv\u00e9s. De nouveaux m\u00e9canismes innovants de gestion du risque de change doivent \u00eatre cr\u00e9\u00e9s, adopt\u00e9s et promus. Les clauses de la dette r\u00e9siliente au changement climatique devraient \u00eatre universellement appliqu\u00e9es aux pays d\u00e9j\u00e0 lourdement endett\u00e9s. Et les secteurs public et priv\u00e9 doivent s&rsquo;associer plus \u00e9troitement pour construire un pipeline de projets commerciaux bancables.<\/span><\/p>\n<p style=\"margin: 0px 0px 10px; line-height: 1.8; text-align: justify;\"><span style=\"color: #000000; font-size: 12pt; font-family: arial, helvetica, sans-serif;\">Dr. Al Jaber a \u00e9galement r\u00e9it\u00e9r\u00e9 la n\u00e9cessit\u00e9 de \u00ab\u00a0rem\u00e9dier \u00e0 l&rsquo;\u00e9norme disparit\u00e9 entre le financement de l&rsquo;att\u00e9nuation et celui de l&rsquo;adaptation. Aujourd&rsquo;hui, pour chaque neuf dollars consacr\u00e9s \u00e0 l&rsquo;att\u00e9nuation, un seul dollar est disponible pour l&rsquo;adaptation\u00a0\u00bb.<\/span><\/p>\n<p style=\"margin: 0px 0px 10px; line-height: 1.8; text-align: justify;\"><span style=\"color: #000000; font-size: 12pt; font-family: arial, helvetica, sans-serif;\">Dr. Al Jaber a soulign\u00e9 le programme d&rsquo;action de la pr\u00e9sidence de la COP28 et son plan visant \u00e0 \u00ab\u00a0mettre la nature, les personnes et la sant\u00e9 au c\u0153ur de l&rsquo;agenda climatique et \u00e0 lier fermement l&rsquo;action climatique au d\u00e9veloppement socio-\u00e9conomique\u00a0\u00bb. Dr. Al Jaber a soulign\u00e9 la n\u00e9cessit\u00e9 particuli\u00e8re de \u00ab\u00a0donner la priorit\u00e9 \u00e0 la transformation des syst\u00e8mes alimentaires, de promouvoir une utilisation responsable des terres et de cibler l&rsquo;ins\u00e9curit\u00e9 alimentaire. Aucun foyer au monde ne devrait faire face \u00e0 la faim, y compris les 140 millions d&rsquo;Africains confront\u00e9s \u00e0 l&rsquo;ins\u00e9curit\u00e9 alimentaire aujourd&rsquo;hui. Et en tirant parti des technologies agricoles et des m\u00e9thodes agricoles durables, nous pouvons r\u00e9duire consid\u00e9rablement l&rsquo;ins\u00e9curit\u00e9 alimentaire, ainsi que les \u00e9missions de carbone provenant de la production alimentaire\u00a0\u00bb.<\/span><\/p>\n<p style=\"margin: 0px 0px 10px; line-height: 1.8; text-align: justify;\"><span style=\"color: #000000; font-size: 12pt; font-family: arial, helvetica, sans-serif;\">Au cours du sommet, Dr. Al Jaber a rencontr\u00e9 plusieurs dirigeants africains lors d&rsquo;une s\u00e9rie de r\u00e9unions bilat\u00e9rales. Cela comprenait des r\u00e9unions avec le ministre de l&rsquo;Environnement, du D\u00e9veloppement et de la Transition \u00e9cologique du S\u00e9n\u00e9gal, Alioune Ndoye ; la ministre des For\u00eats, de la P\u00eache et des Affaires environnementales d&rsquo;Afrique du Sud, Barbra Creecy ; la ministre de l&rsquo;Environnement, du Changement climatique et des For\u00eats du Kenya, Roselinda Soipan Tuya, et le ministre de l&rsquo;\u00e9conomie verte et de l&rsquo;environnement de la Zambie, Collins Nzovu.<\/span><\/p>\n<p style=\"margin: 0px 0px 10px; line-height: 1.8; text-align: justify;\"><span style=\"color: #000000; font-size: 12pt; font-family: arial, helvetica, sans-serif;\">Dr Al Jaber a \u00e9galement rencontr\u00e9 des repr\u00e9sentants de la jeunesse et un d\u00e9l\u00e9gu\u00e9 du Programme international de la jeunesse sur le climat pour discuter des priorit\u00e9s avant la COP28. \u00c0 l&rsquo;ordre du jour figuraient des questions telles que l&rsquo;adaptation, le financement climatique et la gestion des pertes et dommages.<\/span><\/p>\n<p style=\"margin: 0px 0px 10px; line-height: 1.8; text-align: justify;\"><span style=\"color: #000000; font-size: 12pt; font-family: arial, helvetica, sans-serif;\">Traduit par: Mervat Mahmoud.<\/span><\/p>\n<p style=\"margin: 0px 0px 10px; line-height: 1.8;\"><a href=\"https:\/\/wam.ae\/en\/details\/1395303187285\" style=\"color: #0782c1;\">https:\/\/wam.ae\/en\/details\/1395303187285<\/a><\/p>\n<\/p><\/div>\n<div class=\"post-editor\" style=\"color: #666666; font-family: font; font-size: 14px;\">Mervat Mahmoud<\/div>\n<div>&nbsp;<\/div>\n<div>A lire aussi :&nbsp;<a href=\"https:\/\/comifac.org\/actualites\/nouvelles\/la-cop-28-sera-presidee-par-le-patron-d-une-des-plus-grandes-compagnies-petrolieres-au-monde\">La COP 28 sera pr\u00e9sid\u00e9e par le patron d\u2019une des plus grandes compagnies p\u00e9troli\u00e8res au monde.<\/a><\/div>\n<div>&nbsp;<\/div>\n","protected":false},"excerpt":{"rendered":"<p>Addis Abeba, Ethiopie, 17 ao\u00fbt 2023 (WAM) &#8211; L&rsquo;annonce a \u00e9t\u00e9 faite par le ministre de l&rsquo;Industrie&hellip;<\/p>\n","protected":false},"author":5,"featured_media":9398,"comment_status":"open","ping_status":"open","sticky":false,"template":"","format":"standard","meta":{"give_campaign_id":0,"rs_blank_template":"","rs_page_bg_color":"","slide_template_v7":"","_jetpack_newsletter_access":"","_jetpack_dont_email_post_to_subs":false,"_jetpack_newsletter_tier_id":0,"_jetpack_memberships_contains_paywalled_content":false,"_jetpack_feature_clip_id":0,"_jetpack_memberships_contains_paid_content":false,"footnotes":"","jetpack_post_was_ever_published":false},"categories":[117],"tags":[],"class_list":["post-9399","post","type-post","status-publish","format-standard","has-post-thumbnail","hentry","category-actualites"],"jetpack_sharing_enabled":true,"jetpack_featured_media_url":"https:\/\/comifac.org\/wp-content\/uploads\/2023\/08\/president_COP_28_en_Addis.jpg","_links":{"self":[{"href":"https:\/\/comifac.org\/index.php?rest_route=\/wp\/v2\/posts\/9399","targetHints":{"allow":["GET"]}}],"collection":[{"href":"https:\/\/comifac.org\/index.php?rest_route=\/wp\/v2\/posts"}],"about":[{"href":"https:\/\/comifac.org\/index.php?rest_route=\/wp\/v2\/types\/post"}],"author":[{"embeddable":true,"href":"https:\/\/comifac.org\/index.php?rest_route=\/wp\/v2\/users\/5"}],"replies":[{"embeddable":true,"href":"https:\/\/comifac.org\/index.php?rest_route=%2Fwp%2Fv2%2Fcomments&post=9399"}],"version-history":[{"count":0,"href":"https:\/\/comifac.org\/index.php?rest_route=\/wp\/v2\/posts\/9399\/revisions"}],"wp:featuredmedia":[{"embeddable":true,"href":"https:\/\/comifac.org\/index.php?rest_route=\/wp\/v2\/media\/9398"}],"wp:attachment":[{"href":"https:\/\/comifac.org\/index.php?rest_route=%2Fwp%2Fv2%2Fmedia&parent=9399"}],"wp:term":[{"taxonomy":"category","embeddable":true,"href":"https:\/\/comifac.org\/index.php?rest_route=%2Fwp%2Fv2%2Fcategories&post=9399"},{"taxonomy":"post_tag","embeddable":true,"href":"https:\/\/comifac.org\/index.php?rest_route=%2Fwp%2Fv2%2Ftags&post=9399"}],"curies":[{"name":"wp","href":"https:\/\/api.w.org\/{rel}","templated":true}]}}