{"id":9418,"date":"2023-09-09T18:39:15","date_gmt":"2023-09-09T18:39:15","guid":{"rendered":"https:\/\/comifac.org\/angola-le-developpement-durable-parmi-les-priorites-de-la-cplp\/"},"modified":"2023-09-09T18:39:15","modified_gmt":"2023-09-09T18:39:15","slug":"angola-le-developpement-durable-parmi-les-priorites-de-la-cplp","status":"publish","type":"post","link":"https:\/\/comifac.org\/?p=9418","title":{"rendered":"Angola: Le d\u00e9veloppement durable parmi les priorit\u00e9s de la CPLP"},"content":{"rendered":"<p><img fetchpriority=\"high\" decoding=\"async\" class=\" size-full wp-image-9417\" src=\"https:\/\/comifac.org\/wp-content\/uploads\/2023\/09\/Angola_DDD.jpg\" alt=\"\" width=\"339\" height=\"149\" \/><\/p>\n<p class=\"story-body-text\" style=\"margin: 0px 0px 0.75em; background-color: rgba(255, 255, 255, 0.01); line-height: 1.5; font-size: 15px; color: #333333; font-family: Arial, 'Liberation Sans', sans-serif; text-align: justify;\" data-para-word-count=\"26\"><span style=\"color: #000000;\">Sao Tom\u00e9 et Principe \u2014 La Communaut\u00e9 des pays de langue portugaise (CPLP) a r\u00e9affirm\u00e9 dimanche son engagement \u00e0 r\u00e9aliser un d\u00e9veloppement \u00e9conomique, social et environnemental de mani\u00e8re durable et \u00e9quilibr\u00e9e.<\/span><\/p>\n<p class=\"story-body-text\" style=\"margin: 0px 0px 0.75em; background-color: rgba(255, 255, 255, 0.01); line-height: 1.5; font-size: 15px; color: #333333; font-family: Arial, 'Liberation Sans', sans-serif; text-align: justify;\" data-para-word-count=\"29\"><span style=\"color: #000000;\">Cet engagement est exprim\u00e9 dans la d\u00e9claration de Sao Tom\u00e9, publi\u00e9e \u00e0 l&rsquo;issue du XIVe Sommet des chefs d&rsquo;\u00c9tat et de gouvernement de l&rsquo;organisation fond\u00e9e le 17 juillet 1996.<\/span><\/p>\n<p>  <!--more-->  <\/p>\n<p class=\"story-body-text\" style=\"margin: 0px 0px 0.75em; background-color: rgba(255, 255, 255, 0.01); line-height: 1.5; font-size: 15px; color: #333333; font-family: Arial, 'Liberation Sans', sans-serif; text-align: justify;\" data-para-word-count=\"29\">&nbsp;<\/p>\n<p class=\"story-body-text\" style=\"margin: 0px 0px 0.75em; background-color: rgba(255, 255, 255, 0.01); line-height: 1.5; font-size: 15px; color: #333333; font-family: Arial, 'Liberation Sans', sans-serif; text-align: justify;\" data-para-word-count=\"29\"><span style=\"color: #000000;\">Pour concr\u00e9tiser cette intention, la communaut\u00e9 propose de mobiliser les moyens n\u00e9cessaires \u00e0 la mise en oeuvre de l&rsquo;Agenda. La r\u00e9union a encourag\u00e9 la cr\u00e9ation de programmes de mobilit\u00e9 et d&rsquo;\u00e9change pour les jeunes de la CPLP, en vue de renforcer le dialogue, l&rsquo;\u00e9change d&rsquo;exp\u00e9riences et la mise en r\u00e9seau.<\/span><\/p>\n<div id=\"in-article-p-mid\" style=\"margin: 0px; padding: 0px; border: 0px; outline: 0px; vertical-align: baseline; color: #333333; font-family: Arial, 'Liberation Sans', sans-serif; text-align: justify;\"><span style=\"color: #000000;\"><\/span><\/div>\n<div id=\"aans-body-mid\" style=\"margin: 0px; padding: 0px; border: 0px; outline: 0px; vertical-align: baseline; color: #333333; font-family: Arial, 'Liberation Sans', sans-serif; text-align: justify;\" data-scroll-depth-init=\"true\"><span style=\"color: #000000;\"><\/span><\/div>\n<p class=\"story-body-text\" style=\"margin: 0px 0px 0.75em; background-color: rgba(255, 255, 255, 0.01); line-height: 1.5; font-size: 15px; color: #333333; font-family: Arial, 'Liberation Sans', sans-serif; text-align: justify;\" data-para-word-count=\"32\"><span style=\"color: #000000;\">La mesure vise \u00e0 intensifier les \u00e9changes dans le secteur de l&rsquo;\u00e9ducation, de la formation, de la culture, des associations, du volontariat, du sport, des droits de l&rsquo;homme et du d\u00e9veloppement durable.<\/span><\/p>\n<p class=\"story-body-text\" style=\"margin: 0px 0px 0.75em; background-color: rgba(255, 255, 255, 0.01); line-height: 1.5; font-size: 15px; color: #333333; font-family: Arial, 'Liberation Sans', sans-serif; text-align: justify;\" data-para-word-count=\"38\"><span style=\"color: #000000;\">Dans la capitale de Sao Tom\u00e9 et Principe, la CPLP a r\u00e9it\u00e9r\u00e9 la n\u00e9cessit\u00e9 d&rsquo;une reprise \u00e9conomique apr\u00e8s la pand\u00e9mie de Covid-19, afin de pr\u00e9server et de cr\u00e9er des emplois d\u00e9cents, des revenus et une capacit\u00e9 de production.<\/span><\/p>\n<p class=\"story-body-text\" style=\"margin: 0px 0px 0.75em; background-color: rgba(255, 255, 255, 0.01); line-height: 1.5; font-size: 15px; color: #333333; font-family: Arial, 'Liberation Sans', sans-serif; text-align: justify;\" data-para-word-count=\"36\"><span style=\"color: #000000;\">Les chefs d&rsquo;\u00c9tat et de gouvernement ont aussi reconnu l&rsquo;importance de l&rsquo;action multilat\u00e9rale en termes de renforcement des capacit\u00e9s, dans le contexte de la promotion du commerce, de l&rsquo;investissement, de l&#8217;emploi et de la protection sociale.<\/span><\/p>\n<div id=\"aans-body-end\" style=\"margin: 0px; padding: 0px; border: 0px; outline: 0px; vertical-align: baseline; color: #333333; font-family: Arial, 'Liberation Sans', sans-serif; text-align: justify;\" data-scroll-depth-init=\"true\">&nbsp;<\/div>\n<div style=\"margin: 0px; padding: 0px; border: 0px; outline: 0px; vertical-align: baseline; color: #333333; font-family: Arial, 'Liberation Sans', sans-serif; clear: both; text-align: justify;\">&nbsp;<\/div>\n<p class=\"story-body-text\" style=\"margin: 0px 0px 0.75em; background-color: rgba(255, 255, 255, 0.01); line-height: 1.5; font-size: 15px; color: #333333; font-family: Arial, 'Liberation Sans', sans-serif; text-align: justify;\" data-para-word-count=\"29\"><em style=\"font-size: 17px; background-color: transparent; margin: 0px; padding: 0px; border: 0px; outline: 0px; vertical-align: baseline;\">Lire&nbsp;<a href=\"https:\/\/www.angop.ao\/fr\/noticias\/politica\/desenvolvimento-sustentavel-na-mira-da-cplp\/\" target=\"_blank\" rel=\"noopener\" class=\"source-url\" style=\"background: 0px 0px; color: #10579f; margin: 0px; padding: 0px; vertical-align: baseline; font-weight: bold;\"><span style=\"margin: 0px; padding: 0px; border: 0px; outline: 0px; vertical-align: baseline; background-color: transparent;\">l&rsquo;article original<\/span><\/a>&nbsp;sur&nbsp;<a href=\"https:\/\/www.angop.ao\/fr\/\" target=\"_blank\" rel=\"noopener\" class=\"publisher-url\" style=\"background: 0px 0px; color: #10579f; margin: 0px; padding: 0px; vertical-align: baseline; font-weight: bold;\" title=\"Visiter ANGOP\"><span style=\"margin: 0px; padding: 0px; border: 0px; outline: 0px; vertical-align: baseline; background-color: transparent;\">ANGOP<\/span><\/a>.<\/em><\/p>\n","protected":false},"excerpt":{"rendered":"<p>Sao Tom\u00e9 et Principe \u2014 La Communaut\u00e9 des pays de langue portugaise (CPLP) a r\u00e9affirm\u00e9 dimanche son&hellip;<\/p>\n","protected":false},"author":5,"featured_media":9417,"comment_status":"open","ping_status":"open","sticky":false,"template":"","format":"standard","meta":{"give_campaign_id":0,"rs_blank_template":"","rs_page_bg_color":"","slide_template_v7":"","_jetpack_newsletter_access":"","_jetpack_dont_email_post_to_subs":false,"_jetpack_newsletter_tier_id":0,"_jetpack_memberships_contains_paywalled_content":false,"_jetpack_feature_clip_id":0,"_jetpack_memberships_contains_paid_content":false,"footnotes":"","jetpack_post_was_ever_published":false},"categories":[117],"tags":[],"class_list":["post-9418","post","type-post","status-publish","format-standard","has-post-thumbnail","hentry","category-actualites"],"jetpack_sharing_enabled":true,"jetpack_featured_media_url":"https:\/\/comifac.org\/wp-content\/uploads\/2023\/09\/Angola_DDD.jpg","_links":{"self":[{"href":"https:\/\/comifac.org\/index.php?rest_route=\/wp\/v2\/posts\/9418","targetHints":{"allow":["GET"]}}],"collection":[{"href":"https:\/\/comifac.org\/index.php?rest_route=\/wp\/v2\/posts"}],"about":[{"href":"https:\/\/comifac.org\/index.php?rest_route=\/wp\/v2\/types\/post"}],"author":[{"embeddable":true,"href":"https:\/\/comifac.org\/index.php?rest_route=\/wp\/v2\/users\/5"}],"replies":[{"embeddable":true,"href":"https:\/\/comifac.org\/index.php?rest_route=%2Fwp%2Fv2%2Fcomments&post=9418"}],"version-history":[{"count":0,"href":"https:\/\/comifac.org\/index.php?rest_route=\/wp\/v2\/posts\/9418\/revisions"}],"wp:featuredmedia":[{"embeddable":true,"href":"https:\/\/comifac.org\/index.php?rest_route=\/wp\/v2\/media\/9417"}],"wp:attachment":[{"href":"https:\/\/comifac.org\/index.php?rest_route=%2Fwp%2Fv2%2Fmedia&parent=9418"}],"wp:term":[{"taxonomy":"category","embeddable":true,"href":"https:\/\/comifac.org\/index.php?rest_route=%2Fwp%2Fv2%2Fcategories&post=9418"},{"taxonomy":"post_tag","embeddable":true,"href":"https:\/\/comifac.org\/index.php?rest_route=%2Fwp%2Fv2%2Ftags&post=9418"}],"curies":[{"name":"wp","href":"https:\/\/api.w.org\/{rel}","templated":true}]}}