{"id":9420,"date":"2023-09-09T18:55:25","date_gmt":"2023-09-09T18:55:25","guid":{"rendered":"https:\/\/comifac.org\/angola-la-ministre-de-l-environnement-en-faveur-de-la-preservation-de-la-faune-et-de-la-flore\/"},"modified":"2023-09-09T18:55:25","modified_gmt":"2023-09-09T18:55:25","slug":"angola-la-ministre-de-l-environnement-en-faveur-de-la-preservation-de-la-faune-et-de-la-flore","status":"publish","type":"post","link":"https:\/\/comifac.org\/?p=9420","title":{"rendered":"Angola: La ministre de l\u2019Environnement en faveur de la pr\u00e9servation de la faune et de la flore"},"content":{"rendered":"<p><img fetchpriority=\"high\" decoding=\"async\" class=\" size-full wp-image-9419\" src=\"https:\/\/comifac.org\/wp-content\/uploads\/2023\/09\/Angola_ministra_do_ambiente-_ana_paula_de_carvalho_copia.jpg\" alt=\"\" width=\"856\" height=\"550\" srcset=\"https:\/\/comifac.org\/wp-content\/uploads\/2023\/09\/Angola_ministra_do_ambiente-_ana_paula_de_carvalho_copia.jpg 856w, https:\/\/comifac.org\/wp-content\/uploads\/2023\/09\/Angola_ministra_do_ambiente-_ana_paula_de_carvalho_copia-600x386.jpg 600w, https:\/\/comifac.org\/wp-content\/uploads\/2023\/09\/Angola_ministra_do_ambiente-_ana_paula_de_carvalho_copia-400x257.jpg 400w, https:\/\/comifac.org\/wp-content\/uploads\/2023\/09\/Angola_ministra_do_ambiente-_ana_paula_de_carvalho_copia-768x493.jpg 768w, https:\/\/comifac.org\/wp-content\/uploads\/2023\/09\/Angola_ministra_do_ambiente-_ana_paula_de_carvalho_copia-370x238.jpg 370w, https:\/\/comifac.org\/wp-content\/uploads\/2023\/09\/Angola_ministra_do_ambiente-_ana_paula_de_carvalho_copia-760x488.jpg 760w, https:\/\/comifac.org\/wp-content\/uploads\/2023\/09\/Angola_ministra_do_ambiente-_ana_paula_de_carvalho_copia-387x249.jpg 387w, https:\/\/comifac.org\/wp-content\/uploads\/2023\/09\/Angola_ministra_do_ambiente-_ana_paula_de_carvalho_copia-500x321.jpg 500w\" sizes=\"(max-width: 856px) 100vw, 856px\" \/><\/p>\n<p><span style=\"font-size: 12pt; font-family: arial, helvetica, sans-serif; color: #000000;\">Huambo (Angola) \u2013 La ministre de l\u2019Environnement, Ana Paula de Carvalho, a sollicit\u00e9 le 18 ao\u00fbt dernier , la contribution de la soci\u00e9t\u00e9 dans la pr\u00e9servation de la faune et de la flore, afin que les g\u00e9n\u00e9rations futures du pays puissent profiter des bienfaits de la nature.<\/span><\/p>\n<p>  <!--more-->  <\/p>\n<p>&nbsp;<\/p>\n<p><span style=\"font-size: 12pt; font-family: arial, helvetica, sans-serif; color: #000000;\">La gouvernante s\u2019exprimait lors d\u2019un workshop sur l\u2019\u00e9tat de l\u2019environnement dans la province de Huambo, avec la participation des directeurs nationaux, des pr\u00e9sidents des conseils d&rsquo;administration, des responsables municipaux et des partenaires de ce secteur, l\u2019objectif \u00e9tant de diffuser les actions de sensibilisation et d&rsquo;\u00e9ducation \u00e0 l&rsquo;environnement dans le pays.<\/span><\/p>\n<p><span style=\"font-size: 12pt; font-family: arial, helvetica, sans-serif; color: #000000;\">\u00c0 l\u2019occasion, Ana Paula de Carvalho a d\u00e9clar\u00e9 qu&rsquo;avec l\u2019engagement de toute la soci\u00e9t\u00e9 dans la pr\u00e9servation de la nature, on peut s\u2019attendre au d\u00e9veloppement durable et \u00e0 la garantie de croissance \u00e9conomique pour un bien-\u00eatre social.<\/span><\/p>\n<p><span style=\"font-size: 12pt; font-family: arial, helvetica, sans-serif; color: #000000;\">La responsable a abord\u00e9 le d\u00e9veloppement de la nature en trois piliers, notamment \u00e9conomique, social et environnemental, dans la perspective de durabilit\u00e9.<\/span><\/p>\n<p><span style=\"font-size: 12pt; font-family: arial, helvetica, sans-serif; color: #000000;\">La titulaire de ce portefeuille a rappel\u00e9 que le changement climatique dans le monde constitue le plus grand d\u00e9fi pour l&rsquo;action concert\u00e9e de l&rsquo;humanit\u00e9 au 21e si\u00e8cle, et l&rsquo;Angola devrait s\u2019y mettre en raison de son climat vari\u00e9.<\/span><\/p>\n<p><span style=\"font-size: 12pt; font-family: arial, helvetica, sans-serif; color: #000000;\">Cependant, il y a un consensus sur les incertitudes li\u00e9es \u00e0 la taille et \u00e0 la r\u00e9partition spatiale des ph\u00e9nom\u00e8nes climatiques. Ainsi, l&rsquo;Angola est appel\u00e9 \u00e0 avancer avec une r\u00e9silience accrue dans les structures qui guident la vie et l&rsquo;\u00e9conomie nationale, a-t-elle instruit.<\/span><\/p>\n<p><span style=\"font-size: 12pt; font-family: arial, helvetica, sans-serif; color: #000000;\">Selon Ana Paula de Carvalho, la vision de l&rsquo;Angola, dans sa strat\u00e9gie \u00e0 long terme (2023-2050), pour le secteur \u00e9cologique, est d\u2019\u00eatre en harmonie avec le programme de d\u00e9veloppement durable, par le biais d\u2019une politique environnementale proactive qui reconna\u00eet l&rsquo;interd\u00e9pendance du d\u00e9veloppement \u00e9conomique.<\/span><\/p>\n<p><span style=\"font-size: 12pt; font-family: arial, helvetica, sans-serif; color: #000000;\">Dans ce cadre, elle a soulign\u00e9 la primaut\u00e9 de la formation en \u00e9ducation \u00e0 l&rsquo;environnement, \u00e0 travers la sensibilisation du public pour une large discussion sur des questions li\u00e9es \u00e0 l&rsquo;\u00e9cologie, ainsi que la mise en \u0153uvre des projets pour garantir le pr\u00e9sent et am\u00e9liorer l&rsquo;avenir.<\/span><\/p>\n<p><span style=\"font-size: 12pt; font-family: arial, helvetica, sans-serif; color: #000000;\">Enfin, la ministre a demand\u00e9 aux entreprises locales de multiplier les actions de responsabilit\u00e9 sociale, afin d\u2019accompagner l&rsquo;\u00c9tat dans la r\u00e9alisation des objectifs de d\u00e9veloppement durable, en particulier sur la r\u00e9solution des probl\u00e8mes socio-environnementaux, \u00e0 travers la cr\u00e9ation de politiques consistant \u00e0 garantir l&rsquo;am\u00e9lioration de la pr\u00e9servation de la nature.<\/span><\/p>\n<p><span style=\"font-size: 12pt; font-family: arial, helvetica, sans-serif; color: #000000;\">Lire l&rsquo;article original sur&nbsp;<span style=\"color: #0000ff;\"><a href=\"https:\/\/www.angop.ao\/fr\/noticias\/ambiente\/ministra-pede-maior-contribuicao-na-preservacao-da-fauna-e-flora\/\" style=\"color: #0000ff;\">ANGOP<\/a><\/span><\/span><\/p>\n","protected":false},"excerpt":{"rendered":"<p>Huambo (Angola) \u2013 La ministre de l\u2019Environnement, Ana Paula de Carvalho, a sollicit\u00e9 le 18 ao\u00fbt dernier&hellip;<\/p>\n","protected":false},"author":5,"featured_media":9419,"comment_status":"open","ping_status":"open","sticky":false,"template":"","format":"standard","meta":{"give_campaign_id":0,"rs_blank_template":"","rs_page_bg_color":"","slide_template_v7":"","_jetpack_newsletter_access":"","_jetpack_dont_email_post_to_subs":false,"_jetpack_newsletter_tier_id":0,"_jetpack_memberships_contains_paywalled_content":false,"_jetpack_feature_clip_id":0,"_jetpack_memberships_contains_paid_content":false,"footnotes":"","jetpack_post_was_ever_published":false},"categories":[117],"tags":[],"class_list":["post-9420","post","type-post","status-publish","format-standard","has-post-thumbnail","hentry","category-actualites"],"jetpack_sharing_enabled":true,"jetpack_featured_media_url":"https:\/\/comifac.org\/wp-content\/uploads\/2023\/09\/Angola_ministra_do_ambiente-_ana_paula_de_carvalho_copia.jpg","_links":{"self":[{"href":"https:\/\/comifac.org\/index.php?rest_route=\/wp\/v2\/posts\/9420","targetHints":{"allow":["GET"]}}],"collection":[{"href":"https:\/\/comifac.org\/index.php?rest_route=\/wp\/v2\/posts"}],"about":[{"href":"https:\/\/comifac.org\/index.php?rest_route=\/wp\/v2\/types\/post"}],"author":[{"embeddable":true,"href":"https:\/\/comifac.org\/index.php?rest_route=\/wp\/v2\/users\/5"}],"replies":[{"embeddable":true,"href":"https:\/\/comifac.org\/index.php?rest_route=%2Fwp%2Fv2%2Fcomments&post=9420"}],"version-history":[{"count":0,"href":"https:\/\/comifac.org\/index.php?rest_route=\/wp\/v2\/posts\/9420\/revisions"}],"wp:featuredmedia":[{"embeddable":true,"href":"https:\/\/comifac.org\/index.php?rest_route=\/wp\/v2\/media\/9419"}],"wp:attachment":[{"href":"https:\/\/comifac.org\/index.php?rest_route=%2Fwp%2Fv2%2Fmedia&parent=9420"}],"wp:term":[{"taxonomy":"category","embeddable":true,"href":"https:\/\/comifac.org\/index.php?rest_route=%2Fwp%2Fv2%2Fcategories&post=9420"},{"taxonomy":"post_tag","embeddable":true,"href":"https:\/\/comifac.org\/index.php?rest_route=%2Fwp%2Fv2%2Ftags&post=9420"}],"curies":[{"name":"wp","href":"https:\/\/api.w.org\/{rel}","templated":true}]}}