{"id":9435,"date":"2023-09-24T23:20:46","date_gmt":"2023-09-24T23:20:46","guid":{"rendered":"https:\/\/comifac.org\/le-groupe-de-travail-de-suivi-de-la-mise-en-oeuvre-de-la-convention-des-nations-unies-sur-la-lutte-contre-la-desertification-de-la-comifac-tient-sa-douzieme-reunion-a-malabo\/"},"modified":"2023-09-24T23:20:46","modified_gmt":"2023-09-24T23:20:46","slug":"le-groupe-de-travail-de-suivi-de-la-mise-en-oeuvre-de-la-convention-des-nations-unies-sur-la-lutte-contre-la-desertification-de-la-comifac-tient-sa-douzieme-reunion-a-malabo","status":"publish","type":"post","link":"https:\/\/comifac.org\/?p=9435","title":{"rendered":"Le Groupe de travail de suivi de la mise en \u0153uvre de la Convention des Nations Unies sur la lutte contre la D\u00e9sertification de la COMIFAC tient sa douzi\u00e8me r\u00e9union \u00e0 Malabo"},"content":{"rendered":"<p style=\"text-align: justify;\"><span style=\"font-size: 12pt; font-family: arial, helvetica, sans-serif;\">La Commission des For\u00eats d\u2019Afrique Centrale (COMIFAC) organise avec l\u2019appui technique et financier&nbsp; de l\u2019Union Internationale pour la Conservation de la Nature (UICN) \u00e0 travers l\u2019Union Europ\u00e9ene dans le cadre du programme BIOPAMA II, la douzi\u00e8me r\u00e9union du Groupe de Travail de la Convention des Nations Unies pour la Lutte Contre la D\u00e9sertification en Afrique Centrale (GTCCD) du 27 au 29 septembre 2023 \u00e0 Malabo en Guin\u00e9e Equatoriale.<\/span><\/p>\n<p>  <!--more-->  <\/p>\n<p style=\"text-align: justify;\">&nbsp;<\/p>\n<p style=\"text-align: justify;\"><span style=\"font-size: 12pt; font-family: arial, helvetica, sans-serif;\">Cette r\u00e9union sous-r\u00e9gionale de trois jours permettra aux participants globalement de faire le d\u00e9cryptage des d\u00e9cisions prises lors de la COP 15 de CNULCD tenue du 9 au 20 mai 2022 \u00e0 Abidjan en C\u00f4te d\u2019Ivoire. Sp\u00e9cifiquement il sera question de : (i) de s\u2019approprier les r\u00e9sultats des travaux de la COP 15 ; (ii) d\u2019analyser les diff\u00e9rentes d\u00e9cisions et d\u2019identifier les activit\u00e9s \u00e0 mener pour leur mise en \u0153uvre ; (iii) de faire l\u2019\u00e9tat des lieux de la mise en \u0153uvre des engagements pris par les pays d\u2019Afrique centrale dans le cadre du D\u00e9fi de Bonn sur la restauration des paysages ; (iv) de faire l\u2019\u00e9tat des lieux des initiatives de la Neutralit\u00e9 de D\u00e9gradation des Terres (NDT) et la mise en \u0153uvre des Plans d\u2019Actions Nationaux de Lutte contre la D\u00e9sertification (PAN LCD) des pays membres de la COMIFAC ; (iv) d\u2019\u00e9laborer le feuille de route 2023 du GTCCD.<\/span><\/p>\n<p style=\"text-align: justify;\">&nbsp;<\/p>\n<p style=\"text-align: justify;\">&nbsp;<\/p>\n<p style=\"text-align: justify;\"><a href=\"https:\/\/comifac.org\/wp-content\/uploads\/2023\/09\/communiqu%C3%A9_de_presse.pdf\"><span style=\"font-size: 12pt;\"><span style=\"font-family: arial, helvetica, sans-serif;\"><\/span><\/span><\/a><a href=\"https:\/\/comifac.org\/wp-content\/uploads\/2023\/09\/communiqu%C3%A9_de_presse.pdf\">Lire la suite<\/a><\/p>\n<p>&nbsp;<\/p>\n","protected":false},"excerpt":{"rendered":"<p>La Commission des For\u00eats d\u2019Afrique Centrale (COMIFAC) organise avec l\u2019appui technique et financier&nbsp; de l\u2019Union Internationale pour&hellip;<\/p>\n","protected":false},"author":5,"featured_media":9432,"comment_status":"open","ping_status":"open","sticky":false,"template":"","format":"standard","meta":{"give_campaign_id":0,"rs_blank_template":"","rs_page_bg_color":"","slide_template_v7":"","_jetpack_newsletter_access":"","_jetpack_dont_email_post_to_subs":false,"_jetpack_newsletter_tier_id":0,"_jetpack_memberships_contains_paywalled_content":false,"_jetpack_feature_clip_id":0,"_jetpack_memberships_contains_paid_content":false,"footnotes":"","jetpack_post_was_ever_published":false},"categories":[117],"tags":[],"class_list":["post-9435","post","type-post","status-publish","format-standard","has-post-thumbnail","hentry","category-actualites"],"jetpack_sharing_enabled":true,"jetpack_featured_media_url":"https:\/\/comifac.org\/wp-content\/uploads\/2023\/09\/Image_degradation_de_sterres.jpg","_links":{"self":[{"href":"https:\/\/comifac.org\/index.php?rest_route=\/wp\/v2\/posts\/9435","targetHints":{"allow":["GET"]}}],"collection":[{"href":"https:\/\/comifac.org\/index.php?rest_route=\/wp\/v2\/posts"}],"about":[{"href":"https:\/\/comifac.org\/index.php?rest_route=\/wp\/v2\/types\/post"}],"author":[{"embeddable":true,"href":"https:\/\/comifac.org\/index.php?rest_route=\/wp\/v2\/users\/5"}],"replies":[{"embeddable":true,"href":"https:\/\/comifac.org\/index.php?rest_route=%2Fwp%2Fv2%2Fcomments&post=9435"}],"version-history":[{"count":0,"href":"https:\/\/comifac.org\/index.php?rest_route=\/wp\/v2\/posts\/9435\/revisions"}],"wp:featuredmedia":[{"embeddable":true,"href":"https:\/\/comifac.org\/index.php?rest_route=\/wp\/v2\/media\/9432"}],"wp:attachment":[{"href":"https:\/\/comifac.org\/index.php?rest_route=%2Fwp%2Fv2%2Fmedia&parent=9435"}],"wp:term":[{"taxonomy":"category","embeddable":true,"href":"https:\/\/comifac.org\/index.php?rest_route=%2Fwp%2Fv2%2Fcategories&post=9435"},{"taxonomy":"post_tag","embeddable":true,"href":"https:\/\/comifac.org\/index.php?rest_route=%2Fwp%2Fv2%2Ftags&post=9435"}],"curies":[{"name":"wp","href":"https:\/\/api.w.org\/{rel}","templated":true}]}}