{"id":9442,"date":"2023-09-28T11:08:43","date_gmt":"2023-09-28T11:08:43","guid":{"rendered":"https:\/\/comifac.org\/comifac-fai-emmanuel-est-le-meilleur-employe-2023\/"},"modified":"2023-09-28T11:08:43","modified_gmt":"2023-09-28T11:08:43","slug":"comifac-fai-emmanuel-est-le-meilleur-employe-2023","status":"publish","type":"post","link":"https:\/\/comifac.org\/?p=9442","title":{"rendered":"COMIFAC\u00a0: MBUNYE FAI Emmanuel est le meilleur employ\u00e9 2023"},"content":{"rendered":"<p><img fetchpriority=\"high\" decoding=\"async\" class=\" size-full wp-image-9441\" src=\"https:\/\/comifac.org\/wp-content\/uploads\/2023\/09\/AVEC_LES_STATUTAIRES2.jpg\" alt=\"\" width=\"1008\" height=\"490\" srcset=\"https:\/\/comifac.org\/wp-content\/uploads\/2023\/09\/AVEC_LES_STATUTAIRES2.jpg 1008w, https:\/\/comifac.org\/wp-content\/uploads\/2023\/09\/AVEC_LES_STATUTAIRES2-600x292.jpg 600w, https:\/\/comifac.org\/wp-content\/uploads\/2023\/09\/AVEC_LES_STATUTAIRES2-400x194.jpg 400w, https:\/\/comifac.org\/wp-content\/uploads\/2023\/09\/AVEC_LES_STATUTAIRES2-768x373.jpg 768w, https:\/\/comifac.org\/wp-content\/uploads\/2023\/09\/AVEC_LES_STATUTAIRES2-370x180.jpg 370w, https:\/\/comifac.org\/wp-content\/uploads\/2023\/09\/AVEC_LES_STATUTAIRES2-760x369.jpg 760w, https:\/\/comifac.org\/wp-content\/uploads\/2023\/09\/AVEC_LES_STATUTAIRES2-387x188.jpg 387w, https:\/\/comifac.org\/wp-content\/uploads\/2023\/09\/AVEC_LES_STATUTAIRES2-500x243.jpg 500w\" sizes=\"(max-width: 1008px) 100vw, 1008px\" \/><\/p>\n<p style=\"text-align: justify;\"><span style=\"font-size: 12pt; color: #000000;\">Yaound\u00e9, le 22 septembre 2023- Chauffeur rime incontestablement avec bonne conduite. Emmanuel FAI l\u2019a d\u00e9montr\u00e9 tout au long de l\u2019ann\u00e9e. En effet c\u2019est lui qui a \u00e9t\u00e9 sacr\u00e9 meilleur employ\u00e9 2023 du secr\u00e9tariat ex\u00e9cutif de la COMIFAC<\/span><\/p>\n<p>  <!--more-->  <\/p>\n<p style=\"text-align: justify;\"><span style=\"font-size: 12pt; color: #000000;\">C&rsquo;est au cours d&rsquo;une c\u00e9r\u00e9monie conviviale organis\u00e9 dans un restauranrt de la ville que sa prime et sa distinction lui ont \u00e9t\u00e9 remis<\/span><\/p>\n<p style=\"text-align: justify;\"><span style=\"font-size: 12pt; color: #000000;\">L\u2019interess\u00e9 a su s\u2019illustrer par son engagement,&nbsp; sa constance et la qualit\u00e9 du travail accompli quotidiennement. &nbsp;Une fiert\u00e9 pour le jeune homme mais aussi pour l&rsquo;institution qui l&#8217;emploie depuis deux ans. R\u00e9compense m\u00e9rit\u00e9e \u00ab\u00a0Nous ne sommes pas surpris qu&rsquo;il ait gagn\u00e9, confie <strong>Arnaud Choumele<\/strong>, expert IT. Emmanuel est assidu, ponctuel, patient, respectueux aussi bien des hommes que du mat\u00e9riel&nbsp;\u00bb.<\/span><\/p>\n<p style=\"text-align: justify;\"><span style=\"font-size: 12pt; color: #000000;\">Pour son sup\u00e9rieur imm\u00e9diat <strong>Chouaibou Nchoutpouen<\/strong>, Secr\u00e9taire Ex\u00e9cutif Adjoint et Coordonnateur technique, sa discretion, sa serviabilit\u00e9, son respect scrupuleux du code de la route et des r\u00e8gles de s\u00e9curit\u00e9 routi\u00e8re ainsi que sa capacit\u00e9 \u00e0 collaborer avec les partenaires, ont \u00e9t\u00e9 des \u00e9l\u00e9ments qui ont jou\u00e9 en sa faveur.<\/span><\/p>\n<p style=\"text-align: justify;\"><span style=\"font-size: 12pt; color: #000000;\">Prenant la parole, Emmanuel affirme que&nbsp; \u00ab\u00a0<span style=\"font-size: 12pt;\">&nbsp;je suis infiniment reconnaissant envers ma hi\u00e9rarchie,&nbsp;qui d\u00e9ploie au quotidien des efforts pour encourager et motiver le personnel.&nbsp;<\/span>Je suis honor\u00e9 pour ce prix,&nbsp; le tout premier d\u00e9cern\u00e9 \u00e0 un personnel de la COMIFAC et je suis tr\u00e8s heureux d\u2019en \u00eatre le premier b\u00e9n\u00e9ficiaire.&nbsp;J\u2019ai appris \u00e0 donner le meilleur de moi dans toute activit\u00e9 que je m\u00e8ne et c\u2019est ce qui m\u2019a guid\u00e9 depuis mon arriv\u00e9e \u00e0 la COMIFAC il y a deux ans; Je continuerai de jouer ma partition pour faire avancer la COMIFAC\u00a0\u00bb a-t-il d\u00e9clar\u00e9. Ag\u00e9 de 47 ans et natif de Ndu dans la r\u00e9gion du nord-ouest Cameroun, ce&nbsp; p\u00e8re de 4 enfants, poursuit en invite ses&nbsp;&nbsp;coll\u00e8gues \u00e0&nbsp; renforcer l&rsquo;esprit d&rsquo; \u00e9quipe en collaborant davantage pour le bien de la COMIFAC.<\/span><\/p>\n<p style=\"text-align: justify;\"><span style=\"color: #000000;\"><span style=\"font-size: 12pt;\">Le travail salari\u00e9, peut \u00eatre une relation mutuellement b\u00e9n\u00e9fique entre employeur et employ\u00e9. Cependant, bien trop souvent, les employ\u00e9s se sentent exploit\u00e9s, sous-pay\u00e9s ou simplement non appr\u00e9ci\u00e9s par leurs sup\u00e9rieurs et pour <\/span><strong style=\"font-size: 12pt;\">Herv\u00e9 Martial Maidou, <\/strong><span style=\"font-size: 12pt;\">Secr\u00e9taire Ex\u00e9cutif de la COMIFAC&nbsp;\u00ab&nbsp;Des relations employeur-employ\u00e9 solides et fond\u00e9es sur la confiance peuvent grandement contribuer \u00e0 garantir le succ\u00e8s \u00e0 long terme d&rsquo;une entreprise et \u00e0 maintenir une \u00e9quipe satisfaite et loyale. C\u2019est fort de cela que notre \u00e9quipe a d\u00e9velopp\u00e9 un programme de reconnaissance des employ\u00e9s&nbsp;\u00bb. Des initiatives telles que le happy hour, les lettres de f\u00e9licitations, les promotions, les voyages, la distribution des cadeaux, la mise en \u00e9vidence sur le site web et les r\u00e9seaux sociaux, l&rsquo;accompagnement psychologique etc. qui visent \u00e0 aider le personnel \u00e0 d\u00e9velopper une culture heureuse, \u00e9panouie et motiv\u00e9e.&nbsp;<\/span><\/span><\/p>\n<p style=\"text-align: justify;\"><span style=\"font-size: 12pt; color: #000000;\">Par la m\u00eame occasion, le Directeur des Affaire Administratives et Financi\u00e8re a eu l&rsquo;opportunit\u00e9 de pr\u00e9senter les deux personnels promus \u00e0 des postes de responsabilit\u00e9 au secr\u00e9tariat ex\u00e9cutif. <strong>Luc Ndjambane Essi<\/strong> qui est d\u00e9sormais le chef du protocole et <strong>Jean Marie Hinsia<\/strong>, l&rsquo; archiviste.<\/span><\/p>\n<p style=\"text-align: justify;\"><span style=\"font-size: 12pt; color: #000000;\">Madame <strong>&nbsp;Amelie Mbarga<\/strong>, victime d\u2019un coup de vol, a r\u00e9cu aussi des cadeaux de la part des statutaires et de ses coll\u00e8gues.<\/span><\/p>\n<p style=\"text-align: justify;\"><span style=\"font-size: 12pt; color: #000000;\">Une nouvelle vision en marche \u00e0 la COMIFAC<\/span><\/p>\n","protected":false},"excerpt":{"rendered":"<p>Yaound\u00e9, le 22 septembre 2023- Chauffeur rime incontestablement avec bonne conduite. Emmanuel FAI l\u2019a d\u00e9montr\u00e9 tout au&hellip;<\/p>\n","protected":false},"author":5,"featured_media":9441,"comment_status":"open","ping_status":"open","sticky":false,"template":"","format":"standard","meta":{"give_campaign_id":0,"rs_blank_template":"","rs_page_bg_color":"","slide_template_v7":"","_jetpack_newsletter_access":"","_jetpack_dont_email_post_to_subs":false,"_jetpack_newsletter_tier_id":0,"_jetpack_memberships_contains_paywalled_content":false,"_jetpack_feature_clip_id":0,"_jetpack_memberships_contains_paid_content":false,"footnotes":"","jetpack_post_was_ever_published":false},"categories":[117],"tags":[],"class_list":["post-9442","post","type-post","status-publish","format-standard","has-post-thumbnail","hentry","category-actualites"],"jetpack_sharing_enabled":true,"jetpack_featured_media_url":"https:\/\/comifac.org\/wp-content\/uploads\/2023\/09\/AVEC_LES_STATUTAIRES2.jpg","_links":{"self":[{"href":"https:\/\/comifac.org\/index.php?rest_route=\/wp\/v2\/posts\/9442","targetHints":{"allow":["GET"]}}],"collection":[{"href":"https:\/\/comifac.org\/index.php?rest_route=\/wp\/v2\/posts"}],"about":[{"href":"https:\/\/comifac.org\/index.php?rest_route=\/wp\/v2\/types\/post"}],"author":[{"embeddable":true,"href":"https:\/\/comifac.org\/index.php?rest_route=\/wp\/v2\/users\/5"}],"replies":[{"embeddable":true,"href":"https:\/\/comifac.org\/index.php?rest_route=%2Fwp%2Fv2%2Fcomments&post=9442"}],"version-history":[{"count":0,"href":"https:\/\/comifac.org\/index.php?rest_route=\/wp\/v2\/posts\/9442\/revisions"}],"wp:featuredmedia":[{"embeddable":true,"href":"https:\/\/comifac.org\/index.php?rest_route=\/wp\/v2\/media\/9441"}],"wp:attachment":[{"href":"https:\/\/comifac.org\/index.php?rest_route=%2Fwp%2Fv2%2Fmedia&parent=9442"}],"wp:term":[{"taxonomy":"category","embeddable":true,"href":"https:\/\/comifac.org\/index.php?rest_route=%2Fwp%2Fv2%2Fcategories&post=9442"},{"taxonomy":"post_tag","embeddable":true,"href":"https:\/\/comifac.org\/index.php?rest_route=%2Fwp%2Fv2%2Ftags&post=9442"}],"curies":[{"name":"wp","href":"https:\/\/api.w.org\/{rel}","templated":true}]}}