{"id":9459,"date":"2023-10-03T19:17:39","date_gmt":"2023-10-03T19:17:39","guid":{"rendered":"https:\/\/comifac.org\/les-parlementaires-de-l-afrique-centrale-se-preparent-pour-la-cop-28-adiac-congo\/"},"modified":"2023-10-03T19:17:39","modified_gmt":"2023-10-03T19:17:39","slug":"les-parlementaires-de-l-afrique-centrale-se-preparent-pour-la-cop-28-adiac-congo","status":"publish","type":"post","link":"https:\/\/comifac.org\/?p=9459","title":{"rendered":"Les parlementaires de l\u2019Afrique centrale se pr\u00e9parent pour la Cop 28-Adiac-Congo"},"content":{"rendered":"<div class=\"field field-name-field-chapo field-type-text-long field-label-hidden view-mode-full\" style=\"color: #78787a; font-family: Georgia, Baskerville, Palatino, 'Palatino Linotype', 'Book Antiqua', 'Times New Roman', serif; font-size: 16px;\">\n<div class=\"field-items\" style=\"font-weight: bold;\">\n<div class=\"field-item even\">\n<p style=\"margin: 0px 0px 1.5em; padding-top: 0px; padding-bottom: 0px; text-align: justify;\"><span style=\"color: #000000;\">Brazzaville, Congo, 26-28 septembre 2023- Le R\u00e9seau des parlementaires pour la gestion durable des \u00e9cosyst\u00e8mes forestiers d\u2019Afrique centrale (Repar-AC) organise, avec l\u2019appui de la GIZ \u00e0 travers le programme r\u00e9gional d\u2019appui \u00e0 la Commission des for\u00eats d\u2019Afrique centrale (Comifac), un atelier de pr\u00e9paration des parlementaires de la sous-r\u00e9gion \u00e0 leur participation \u00e0 la Cop 28, pr\u00e9vue en d\u00e9cembre prochain \u00e0 Duba\u00ef.<\/span><\/p>\n<p>  <!--more-->  <\/p>\n<p style=\"margin: 0px 0px 1.5em; padding-top: 0px; padding-bottom: 0px; text-align: justify;\">&nbsp;<\/p>\n<\/p><\/div>\n<\/p><\/div>\n<\/p><\/div>\n<div class=\"field field-name-field-texte field-type-text-long field-label-hidden view-mode-full\" style=\"color: #78787a; font-family: Georgia, Baskerville, Palatino, 'Palatino Linotype', 'Book Antiqua', 'Times New Roman', serif; font-size: 16px;\">\n<div class=\"field-items\">\n<div class=\"field-item even\">\n<p style=\"margin: 0px 0px 1.5em; padding-top: 0px; padding-bottom: 0px; text-align: justify;\"><span style=\"color: #000000;\"><img decoding=\"async\" src=\"https:\/\/www.adiac-congo.com\/sites\/default\/files\/img_20230926_105607_495_fileminimizer.jpg\" alt=\"\" style=\"max-width: 100%; height: 225px; margin: 10px; float: left; width: 300px;\" \/>Au total, huit pays participent \u00e0 cette rencontre dont l\u2019objectif est de pr\u00e9parer les parlementaires membres du Repar \u00e0 une participation efficace \u00e0 la 28<sup>e<\/sup>&nbsp;\u00e9dition de la Conf\u00e9rence des Etats parties \u00e0 la Convention cadre des Nations unies sur les changements climatiques (Cop28). Il s\u2019agira pour les participants originaires des pays tels le Burundi, le Tchad, le Cameroun, la Guin\u00e9e \u00e9quatoriale, la RCA de pr\u00e9senter la position commune des gouvernements d\u2019Afrique centrale concernant les n\u00e9gociations sur le climat&nbsp;; d&rsquo;adopter une position commune des parlementaires. Il s\u2019agira aussi de pr\u00e9senter les enjeux de la Cop28 sur le climat en lien avec les ambitions de d\u00e9veloppement de l\u2019Afrique centrale.<\/span><\/p>\n<p style=\"margin: 0px 0px 1.5em; padding-top: 0px; padding-bottom: 0px; text-align: justify;\"><span style=\"color: #000000;\">Le coordonnateur r\u00e9gional du Repar, Jean-Jacques ZAM, a rappel\u00e9 que le s\u00e9minaire de Brazzaville se tenait apr\u00e8s le sommet de Nairobi au Kenya, qui a permis aux chefs d\u2019Etat et de gouvernement du continent d\u2019adopter la position commune. Rappelant les enjeux de la prochaine Cop, il a soulign\u00e9 que les parlementaires sont consid\u00e9r\u00e9s comme des acteurs majeurs devant jouer un r\u00f4le cl\u00e9 dans l\u2019\u00e9laboration d\u2019un syst\u00e8me de gouvernance globale d\u00e9mocratique.<\/span><\/p>\n<p style=\"margin: 0px 0px 1.5em; padding-top: 0px; padding-bottom: 0px; text-align: justify;\"><span style=\"color: #000000;\"><em>\u00ab&nbsp;Les parlementaires d\u2019Afrique centrale, en leur qualit\u00e9 de repr\u00e9sentants l\u00e9gitimes des populations, sont appel\u00e9s \u00e0 prendre part aux conf\u00e9rences internationales aux c\u00f4t\u00e9s des gouvernements et de la soci\u00e9t\u00e9 civile.<\/em><em>&nbsp;D\u00e8s lors, une pr\u00e9paration minutieuse s\u2019av\u00e8re n\u00e9cessaire pour nous assurer une participation efficace, au regard de la complexit\u00e9 des sujets, des enjeux et de la port\u00e9e strat\u00e9gique des d\u00e9bats annonc\u00e9s&nbsp;\u00bb<\/em>, a d\u00e9clar\u00e9 Jean-Jacques ZAM.<\/span><\/p>\n<p style=\"margin: 0px 0px 1.5em; padding-top: 0px; padding-bottom: 0px; text-align: justify;\"><span style=\"font-weight: bold; color: #000000;\">Relever le niveau de mobilisation des fonds en faveur du Bassin du Congo<\/span><\/p>\n<p style=\"margin: 0px 0px 1.5em; padding-top: 0px; padding-bottom: 0px; text-align: justify;\"><span style=\"color: #000000;\">Le secr\u00e9taire ex\u00e9cutif de la Commission des for\u00eats d&rsquo;Afrique centrale (Comifac), Herv\u00e9 Martial Ma\u00efdou, a, quant \u00e0 lui, soulign\u00e9 la n\u00e9cessit\u00e9 de revoir les strat\u00e9gies de mobilisation des ressources \u00e0 l\u2019international en valorisant les documents strat\u00e9giques \u00e9labor\u00e9s par son institution et ses pays membres, ainsi que les initiatives en cours dans le Bassin du Congo. Le but \u00e9tant de relever le niveau de mobilisation des fonds en faveur des for\u00eats et de la biodiversit\u00e9 du Bassin du Congo.&nbsp;<em>\u00ab&nbsp;Une note de plaidoyer produite par les experts de la sous-r\u00e9gion avec l\u2019appui de la Comifac est en circulation dans ce sens et j\u2019esp\u00e8re que les facilitateurs du pr\u00e9sent atelier \u00e9changeront avec vous afin de capter le maximum de contributions possibles de la part du Repar. C\u2019est pour cette raison que le Repar devra \u00eatre fortement repr\u00e9sent\u00e9 dans les groupes de travail th\u00e9matiques de la Comifac notamment la gouvernance et les finances&nbsp;\u00bb<\/em>, a-t-il dit.<\/span><\/p>\n<p style=\"margin: 0px 0px 1.5em; padding-top: 0px; padding-bottom: 0px; text-align: justify;\"><span style=\"color: #000000;\">Pr\u00e9sidant les travaux, le premier secr\u00e9taire de l\u2019Assembl\u00e9e nationale, Fernand Sabaye, a, quant \u00e0 lui, signifi\u00e9 que la r\u00e9solution de la crise climatique est devenue le d\u00e9fi le plus important et le plus ambitieux du 21<sup>e<\/sup>&nbsp;si\u00e8cle.&nbsp;<em>\u00ab&nbsp;La terre est notre seule demeure. Nous n\u2019avons aucun notre refuge. En effet, le poids du changement climatique sur les \u00e9conomies du continent et les moyens de subsistance des Africains est disproportionn\u00e9ment \u00e9lev\u00e9 en rapport \u00e0 leur faible participation dans les \u00e9missions mondiales du carbone. L\u2019Afrique est donc le continent qui a le plus int\u00e9r\u00eat \u00e0 inspirer le cadre de gouvernance climatique mondiale qui soit op\u00e9rationnel et capable de contr\u00f4ler les \u00e9missions de ces gaz nocifs&nbsp;\u00bb<\/em>, a-t-il insist\u00e9.<img decoding=\"async\" src=\"https:\/\/www.adiac-congo.com\/sites\/default\/files\/img_20230926_122103_881_fileminimizer.jpg\" alt=\"\" style=\"max-width: 100%; height: 225px; margin: 10px; float: right; width: 300px;\" \/><\/span><\/p>\n<p style=\"margin: 0px 0px 1.5em; padding-top: 0px; padding-bottom: 0px; text-align: justify;\"><span style=\"color: #000000;\">Pour y parvenir, l\u2019Afrique devrait, selon Fernand Sabaye, se concerter pour \u00e9laborer les strat\u00e9giques lui permettant de peser dans les n\u00e9gociations en vue de la prise en compte de ses pr\u00e9occupations au cours des conf\u00e9rences sur le climat.&nbsp;<em>\u00ab&nbsp;L\u2019une de ces strat\u00e9gies consisterait \u00e0 ouvrir les d\u00e9bats climatiques aux parlementaires, interfaces s\u00fbrs entre les pouvoirs ex\u00e9cutifs et les administr\u00e9s, les populations. Il importe donc de renforcer les capacit\u00e9s des \u00e9lus pour les rendre aptes \u00e0 contribuer de fa\u00e7on efficace \u00e0 l\u2019identification des enjeux et \u00e0 la d\u00e9termination des approches de solutions climatiques. De plus, dans la perspective de renforcer davantage les capacit\u00e9s des parlementaires dans les n\u00e9gociations climatiques&nbsp;<\/em>\u00bb, a-t-il conclu.<\/span><\/p>\n<p>&nbsp;<\/p>\n<p>Les photos de l&rsquo;atelier sur notre page&nbsp;<a href=\"https:\/\/web.facebook.com\/photo\/?fbid=713907320783474&amp;set=pcb.713896727451200\">Facebook<\/a><\/p>\n<\/p><\/div>\n<\/p><\/div>\n<\/p><\/div>\n","protected":false},"excerpt":{"rendered":"<p>Brazzaville, Congo, 26-28 septembre 2023- Le R\u00e9seau des parlementaires pour la gestion durable des \u00e9cosyst\u00e8mes forestiers d\u2019Afrique&hellip;<\/p>\n","protected":false},"author":5,"featured_media":9458,"comment_status":"open","ping_status":"open","sticky":false,"template":"","format":"standard","meta":{"give_campaign_id":0,"rs_blank_template":"","rs_page_bg_color":"","slide_template_v7":"","_jetpack_newsletter_access":"","_jetpack_dont_email_post_to_subs":false,"_jetpack_newsletter_tier_id":0,"_jetpack_memberships_contains_paywalled_content":false,"_jetpack_feature_clip_id":0,"_jetpack_memberships_contains_paid_content":false,"footnotes":"","jetpack_post_was_ever_published":false},"categories":[117],"tags":[],"class_list":["post-9459","post","type-post","status-publish","format-standard","has-post-thumbnail","hentry","category-actualites"],"jetpack_sharing_enabled":true,"jetpack_featured_media_url":"https:\/\/comifac.org\/wp-content\/uploads\/2023\/10\/repar_congo.jpg","_links":{"self":[{"href":"https:\/\/comifac.org\/index.php?rest_route=\/wp\/v2\/posts\/9459","targetHints":{"allow":["GET"]}}],"collection":[{"href":"https:\/\/comifac.org\/index.php?rest_route=\/wp\/v2\/posts"}],"about":[{"href":"https:\/\/comifac.org\/index.php?rest_route=\/wp\/v2\/types\/post"}],"author":[{"embeddable":true,"href":"https:\/\/comifac.org\/index.php?rest_route=\/wp\/v2\/users\/5"}],"replies":[{"embeddable":true,"href":"https:\/\/comifac.org\/index.php?rest_route=%2Fwp%2Fv2%2Fcomments&post=9459"}],"version-history":[{"count":0,"href":"https:\/\/comifac.org\/index.php?rest_route=\/wp\/v2\/posts\/9459\/revisions"}],"wp:featuredmedia":[{"embeddable":true,"href":"https:\/\/comifac.org\/index.php?rest_route=\/wp\/v2\/media\/9458"}],"wp:attachment":[{"href":"https:\/\/comifac.org\/index.php?rest_route=%2Fwp%2Fv2%2Fmedia&parent=9459"}],"wp:term":[{"taxonomy":"category","embeddable":true,"href":"https:\/\/comifac.org\/index.php?rest_route=%2Fwp%2Fv2%2Fcategories&post=9459"},{"taxonomy":"post_tag","embeddable":true,"href":"https:\/\/comifac.org\/index.php?rest_route=%2Fwp%2Fv2%2Ftags&post=9459"}],"curies":[{"name":"wp","href":"https:\/\/api.w.org\/{rel}","templated":true}]}}