{"id":9461,"date":"2023-10-05T09:38:07","date_gmt":"2023-10-05T09:38:07","guid":{"rendered":"https:\/\/comifac.org\/cop28-l-allemagne-va-accompagner-la-comifac-adiac-congo\/"},"modified":"2023-10-05T09:38:07","modified_gmt":"2023-10-05T09:38:07","slug":"cop28-l-allemagne-va-accompagner-la-comifac-adiac-congo","status":"publish","type":"post","link":"https:\/\/comifac.org\/?p=9461","title":{"rendered":"COP28 : l\u2019Allemagne va accompagner la COMIFAC-Adiac Congo"},"content":{"rendered":"<div class=\"field field-name-field-chapo field-type-text-long field-label-hidden view-mode-full\" style=\"color: #78787a; font-family: Georgia, Baskerville, Palatino, 'Palatino Linotype', 'Book Antiqua', 'Times New Roman', serif; font-size: 16px;\">\n<div class=\"field-items\" style=\"font-weight: bold;\">\n<div class=\"field-item even\">\n<p style=\"margin: 0px 0px 1.5em; padding-top: 0px; padding-bottom: 0px; text-align: justify;\"><span style=\"background-color: #ffffff; color: #000000;\">L\u2019ambassadeur de la R\u00e9publique f\u00e9d\u00e9rale d\u2019Allemagne, le Dr Wolfgang Klapper, a annonc\u00e9, lors de l\u2019atelier sous-r\u00e9gional de pr\u00e9paration des parlementaires d\u2019Afrique centrale en pr\u00e9lude \u00e0 leur participation \u00e0 la COP28, que l\u2019Allemagne va accompagner la&nbsp;Commission des for\u00eats d&rsquo;Afrique centrale (Comifac), ses pays membres et tous les acteurs impliqu\u00e9s.<\/span><\/p>\n<p>  <!--more-->  <\/p>\n<p style=\"margin: 0px 0px 1.5em; padding-top: 0px; padding-bottom: 0px; text-align: justify;\">&nbsp;<\/p>\n<\/p><\/div>\n<\/p><\/div>\n<\/p><\/div>\n<div class=\"field field-name-field-texte field-type-text-long field-label-hidden view-mode-full\" style=\"color: #78787a; font-family: Georgia, Baskerville, Palatino, 'Palatino Linotype', 'Book Antiqua', 'Times New Roman', serif; font-size: 16px;\">\n<div class=\"field-items\">\n<div class=\"field-item even\">\n<p style=\"margin: 0px 0px 1.5em; padding-top: 0px; padding-bottom: 0px; text-align: justify;\"><span style=\"background-color: #ffffff; color: #000000;\"><img decoding=\"async\" src=\"https:\/\/www.adiac-congo.com\/sites\/default\/files\/lambassadeur_de_la_republique_federale_dallemagne_prononcant_son_allocution_.jpg\" alt=\"\" style=\"max-width: 100%; height: 200px; margin: 15px; float: left; width: 320px;\" \/>Dans son adresse, le diplomate allemand, le Dr Wolfgang Klapper, a rappel\u00e9 que la communaut\u00e9 internationale r\u00e9unie dans le cadre de la vingt-et-uni\u00e8me conf\u00e9rence des parties pour le changement climatique (COP21) \u00e0 Paris s\u2019est fix\u00e9e \u00e0 travers les Accords de Paris des objectifs communs de limitation du r\u00e9chauffement climatique \u00e0 + 1,5\u00b0 de la temp\u00e9rature plan\u00e9taire par rapport \u00e0 la p\u00e9riode pr\u00e9industrielle. Cette limitation ne saurait \u00eatre efficacement men\u00e9e sans la mise en \u0153uvre d\u2019initiatives porteuses de durabilit\u00e9 en faveur des grands massifs forestiers tropicaux mondiaux, dont l\u2019un desplus importants est le Bassin du Congo.&nbsp;\u00ab&nbsp;L\u2019horloge climatique avance et nous devons agir vite sans pour autant n\u00e9gliger les aspects d\u2019am\u00e9lioration des conditions de vie des populations. L\u2019agenda 2030 des Nations unies encadre ce mouvement universel, associant les questions de transformation \u00e9nerg\u00e9tique et d\u2019\u00e9radication de la pauvret\u00e9 dans le monde. Nous ne manquons pas d\u2019outils, ni de vision, mais pour y parvenir nous devons en faire davantage pour une mobilisation massive des diff\u00e9rents acteurs politiques, publics, priv\u00e9s et sociaux&nbsp;\u00bb, a-t-il d\u00e9clar\u00e9.<\/span><\/p>\n<p style=\"margin: 0px 0px 1.5em; padding-top: 0px; padding-bottom: 0px; text-align: justify;\"><span style=\"background-color: #ffffff; color: #000000;\">Les for\u00eats du Bassin du Congo et ses Tourbi\u00e8res sont d\u2019un impact mondial certain pour l\u2019\u00e9quilibre climatique plan\u00e9taire. Elles repr\u00e9sentent \u00e0 elles seules une capacit\u00e9 de s\u00e9questration annuelle d\u2019environ 1,1 milliard de CO2, ce qui \u00e9quivaut environ \u00e0 4 % des \u00e9missions mondiales chaque ann\u00e9e. Avec un bilan carbone positif des plus importants, elles sont aujourd\u2019hui le premier poumon vert de la plan\u00e8te. Leur assurer un avenir durable est donc l\u2019affaire de tous !<\/span><\/p>\n<p style=\"margin: 0px 0px 1.5em; padding-top: 0px; padding-bottom: 0px; text-align: justify;\"><span style=\"background-color: #ffffff; color: #000000;\">Le diplomate allemand a indiqu\u00e9 que depuis plusieurs ann\u00e9es son pays a men\u00e9 par son minist\u00e8re f\u00e9d\u00e9ral de la Coop\u00e9ration \u00e9conomique et du D\u00e9veloppement \u2013 BMZ, un ensemble d\u2019actions d\u2019appui visant \u00e0 soutenir les politiques nationales et r\u00e9gionales des \u00c9tats d\u2019Afrique centrale. Le tout afin de garantir une gestion durable de ces \u00e9cosyst\u00e8mes forestiers qui sont une r\u00e9ponse av\u00e9r\u00e9e de la riposte contre l\u2019acc\u00e9l\u00e9ration du r\u00e9chauffement climatique plan\u00e9taire. Toutefois, mener une politique de conservation sans prendre en compte les enjeux \u00e9conomiques que repr\u00e9sentent les for\u00eats pour la plupart des \u00e9conomies r\u00e9gionales n\u2019est pas une option envisageable. D\u2019o\u00f9, pense le diplomate allemand, il faut orienter les r\u00e9flexions vers des solutions climatiques alternatives, efficaces et favorables au d\u00e9veloppement \u00e9conomique et social durable des populations.<\/span><\/p>\n<p style=\"margin: 0px 0px 1.5em; padding-top: 0px; padding-bottom: 0px; text-align: justify;\"><span style=\"font-weight: bold; background-color: #ffffff; color: #000000;\">Rehausser la capacit\u00e9 de mobilisation internationale des for\u00eats du Bassin du Congo<\/span><\/p>\n<p style=\"margin: 0px 0px 1.5em; padding-top: 0px; padding-bottom: 0px; text-align: justify;\"><span style=\"background-color: #ffffff; color: #000000;\">Inscrite dans cette perspective, la R\u00e9publique f\u00e9d\u00e9rale d\u2019Allemagne, dans le cadre de son mandat \u00e0 la facilitation au partenariat des for\u00eats du Bassin du Congo, a d\u00e9fini une feuille de route align\u00e9e au plan de convergence de la Comifac et aux ODD 2030 des Nations unies.&nbsp;\u00ab&nbsp;\u0152uvrant de pair avec la Comifac et ses pays membres, nous avons port\u00e9 des initiatives visant \u00e0 rehausser la capacit\u00e9 de mobilisation internationale des for\u00eats du Bassin du Congo. Nous pouvons citer comme r\u00e9sultats probants de cette approche la \u201cD\u00e9claration d\u2019engagement des \u00c9tats membres de la COMIFAC pour les for\u00eats d\u2019Afrique centrale et l\u2019appel pour un financement \u00e9quitable \u2013 Fair Deal\u201d ainsi que l\u2019am\u00e9lioration de l\u2019accessibilit\u00e9 aux march\u00e9s mondiaux via le renforcement du principe de durabilit\u00e9 dans le commerce international de bois tropicaux certifi\u00e9s issus d\u2019Afrique centrale&nbsp;\u00bb, a-t-il ajout\u00e9.<\/span><\/p>\n<p style=\"margin: 0px 0px 1.5em; padding-top: 0px; padding-bottom: 0px; text-align: justify;\"><span style=\"background-color: #ffffff; color: #000000;\">F\u00e9licitant les uns et les autres pour leur implication dans la d\u00e9fense de la cause climatique et environnementale en Afrique centrale, le diplomate allemand a indiqu\u00e9 qu\u2019\u00e0 travers leur engagement au sein du Repar ils repr\u00e9sentent une force de mobilisation impactant aux niveaux national, r\u00e9gional et international, dans la lutte pour le respect des droits humains.&nbsp;\u00ab&nbsp;Vous \u00eates au premier rang des actions gouvernementales, ce qui vous octroie une capacit\u00e9 d\u2019influence importante quant \u00e0 l\u2019adoption des mesures et orientations nationales. Le Repar s\u2019est impos\u00e9 au fil des ann\u00e9es comme l\u2019un des r\u00e9seaux les plus \u00e9minents dans la lutte contre le r\u00e9chauffement climatique r\u00e9gional. Au c\u00f4t\u00e9 de la Comifac, le Repar est une force de propositions, de partage d\u2019informations et d\u2019exp\u00e9riences, qui facilite consid\u00e9rablement l\u2019action politique de d\u00e9fense des int\u00e9r\u00eats de la sous-r\u00e9gion au niveau international \u00bb, a signifi\u00e9 le Dr Wolfgang Klapper. &nbsp;<\/span><\/p>\n<p style=\"margin: 0px 0px 1.5em; padding-top: 0px; padding-bottom: 0px; text-align: justify;\"><span style=\"background-color: #ffffff; color: #000000;\">L\u2019Allemagne, dit-il, poursuit son implication aux c\u00f4t\u00e9s de la sous-r\u00e9gion Afrique centrale en accompagnant la Comifac, ses pays membres et tous les acteurs impliqu\u00e9s, afin d\u2019impulser une dynamique en faveur du d\u00e9veloppement humain, environnemental et \u00e9conomique. Une participation concert\u00e9e des acteurs de la sous-r\u00e9gion aux grands \u00e9v\u00e8nements internationaux est d\u00e9terminante pour la prise en compte des orientations r\u00e9gionales dans l\u2019adoption de politiques globales.<\/span><\/p>\n<\/p><\/div>\n<\/p><\/div>\n<\/p><\/div>\n","protected":false},"excerpt":{"rendered":"<p>L\u2019ambassadeur de la R\u00e9publique f\u00e9d\u00e9rale d\u2019Allemagne, le Dr Wolfgang Klapper, a annonc\u00e9, lors de l\u2019atelier sous-r\u00e9gional de&hellip;<\/p>\n","protected":false},"author":5,"featured_media":9460,"comment_status":"open","ping_status":"open","sticky":false,"template":"","format":"standard","meta":{"give_campaign_id":0,"rs_blank_template":"","rs_page_bg_color":"","slide_template_v7":"","_jetpack_newsletter_access":"","_jetpack_dont_email_post_to_subs":false,"_jetpack_newsletter_tier_id":0,"_jetpack_memberships_contains_paywalled_content":false,"_jetpack_feature_clip_id":0,"_jetpack_memberships_contains_paid_content":false,"footnotes":"","jetpack_post_was_ever_published":false},"categories":[117],"tags":[],"class_list":["post-9461","post","type-post","status-publish","format-standard","has-post-thumbnail","hentry","category-actualites"],"jetpack_sharing_enabled":true,"jetpack_featured_media_url":"https:\/\/comifac.org\/wp-content\/uploads\/2023\/10\/lambassadeur_de_la_republique_federale_dallemagne_au_Congo_prononcant_son_allocution_.jpg","_links":{"self":[{"href":"https:\/\/comifac.org\/index.php?rest_route=\/wp\/v2\/posts\/9461","targetHints":{"allow":["GET"]}}],"collection":[{"href":"https:\/\/comifac.org\/index.php?rest_route=\/wp\/v2\/posts"}],"about":[{"href":"https:\/\/comifac.org\/index.php?rest_route=\/wp\/v2\/types\/post"}],"author":[{"embeddable":true,"href":"https:\/\/comifac.org\/index.php?rest_route=\/wp\/v2\/users\/5"}],"replies":[{"embeddable":true,"href":"https:\/\/comifac.org\/index.php?rest_route=%2Fwp%2Fv2%2Fcomments&post=9461"}],"version-history":[{"count":0,"href":"https:\/\/comifac.org\/index.php?rest_route=\/wp\/v2\/posts\/9461\/revisions"}],"wp:featuredmedia":[{"embeddable":true,"href":"https:\/\/comifac.org\/index.php?rest_route=\/wp\/v2\/media\/9460"}],"wp:attachment":[{"href":"https:\/\/comifac.org\/index.php?rest_route=%2Fwp%2Fv2%2Fmedia&parent=9461"}],"wp:term":[{"taxonomy":"category","embeddable":true,"href":"https:\/\/comifac.org\/index.php?rest_route=%2Fwp%2Fv2%2Fcategories&post=9461"},{"taxonomy":"post_tag","embeddable":true,"href":"https:\/\/comifac.org\/index.php?rest_route=%2Fwp%2Fv2%2Ftags&post=9461"}],"curies":[{"name":"wp","href":"https:\/\/api.w.org\/{rel}","templated":true}]}}