{"id":9502,"date":"2023-10-31T10:37:48","date_gmt":"2023-10-31T10:37:48","guid":{"rendered":"https:\/\/comifac.org\/discours-de-son-excellence-general-major-evariste-ndayishimiye-president-de-la-republique-du-burundi-et-president-en-exercice-de-la-comission-des-forets-d-afrique-centrale-comifac-lors-du-sommet-des-c\/"},"modified":"2023-10-31T10:37:48","modified_gmt":"2023-10-31T10:37:48","slug":"discours-de-son-excellence-general-major-evariste-ndayishimiye-president-de-la-republique-du-burundi-et-president-en-exercice-de-la-comission-des-forets-d-afrique-centrale-comifac-lors-du-sommet-des-c","status":"publish","type":"post","link":"https:\/\/comifac.org\/?p=9502","title":{"rendered":"DISCOURS DE SON EXCELLENCE GENERAL MAJOR EVARISTE NDAYISHIMIYE , PRESIDENT DE LA REPUBLIQUE DU BURUNDI ET PRESIDENT EN EXERCICE DE LA COMISSION DES FORETS D\u2019AFRIQUE CENTRALE (COMIFAC) LORS DU SOMMET DES CHEFS D\u2019ETAT ET DE GOUVERNEMENT DES PAYS DES TROIS B"},"content":{"rendered":"<p><img fetchpriority=\"high\" decoding=\"async\" class=\" size-full wp-image-9500\" src=\"https:\/\/comifac.org\/wp-content\/uploads\/2023\/10\/PR_BURUNDI.jpeg\" alt=\"\" width=\"1080\" height=\"717\" srcset=\"https:\/\/comifac.org\/wp-content\/uploads\/2023\/10\/PR_BURUNDI.jpeg 1080w, https:\/\/comifac.org\/wp-content\/uploads\/2023\/10\/PR_BURUNDI-600x398.jpeg 600w, https:\/\/comifac.org\/wp-content\/uploads\/2023\/10\/PR_BURUNDI-400x266.jpeg 400w, https:\/\/comifac.org\/wp-content\/uploads\/2023\/10\/PR_BURUNDI-1024x680.jpeg 1024w, https:\/\/comifac.org\/wp-content\/uploads\/2023\/10\/PR_BURUNDI-768x510.jpeg 768w, https:\/\/comifac.org\/wp-content\/uploads\/2023\/10\/PR_BURUNDI-370x246.jpeg 370w, https:\/\/comifac.org\/wp-content\/uploads\/2023\/10\/PR_BURUNDI-760x505.jpeg 760w, https:\/\/comifac.org\/wp-content\/uploads\/2023\/10\/PR_BURUNDI-387x257.jpeg 387w, https:\/\/comifac.org\/wp-content\/uploads\/2023\/10\/PR_BURUNDI-195x128.jpeg 195w, https:\/\/comifac.org\/wp-content\/uploads\/2023\/10\/PR_BURUNDI-500x332.jpeg 500w\" sizes=\"(max-width: 1080px) 100vw, 1080px\" \/><\/p>\n<p>Excellence Monsieur Denis Sassou NGUESSO, Pr\u00e9sident de la R\u00e9publique du Congo , notre H\u00f4te<\/p>\n<p>&#8211; Excellences Messieurs les Chefs d\u2019\u00c9tat et de Gouvernement,<\/p>\n<p>&#8211; Distingu\u00e9s D\u00e9l\u00e9gu\u00e9s,<\/p>\n<p>&#8211; Mesdames et Messieurs, Tout protocole observ\u00e9<\/p>\n<p>1. Rendons d\u2019abord gr\u00e2ce \u00e0 Dieu le Tout Puissant qui nous a permis de nous rassembler ici dans cette belle ville de Brazzaville.<\/p>\n<p>2. Avant de poursuivre mon propos, permettez-moi, d\u2019exprimer mes sinc\u00e8res remerciements \u00e0 Son Excellence, coll\u00e8gue et fr\u00e8re Monsieur Denis Sassou NGUESSO Pr\u00e9sident de la R\u00e9publique du Congo, au Gouvernement et au Peuple Congolais, pour l\u2019accueil chaleureux et l\u2019hospitalit\u00e9 l\u00e9gendaire qui ont \u00e9t\u00e9 r\u00e9serv\u00e9s \u00e0 moi-m\u00eame et la d\u00e9l\u00e9gation qui m&rsquo;accompagne.<\/p>\n<p>  <!--more-->  <\/p>\n<p>&nbsp;<\/p>\n<p>3. Par la m\u00eame occasion, je salue l&rsquo;excellente organisation de ce deuxi\u00e8me Sommet des trois bassins des \u00e9cosyst\u00e8mes de biodiversit\u00e9 et des for\u00eats tropicales. 4. C\u2019est donc un honneur pour moi de prendre la parole \u00e0 cette circonstance, en ma qualit\u00e9 de Pr\u00e9sident en exercice de la commission des for\u00eats d\u2019Afrique Centrale (COMIFAC).<\/p>\n<p>5. La COMIFAC est engag\u00e9 \u00e0 \u0153uvrer de mani\u00e8re concert\u00e9e pour la conservation et \u00e0 la gestion durable des \u00e9cosyst\u00e8mes forestiers d\u2019Afrique centrale, \u00e0 travers la \u00ab d\u00e9claration de Yaound\u00e9 \u00bb.<\/p>\n<p>3 6. Un plan de convergence a \u00e9t\u00e9 \u00e9labor\u00e9, bas\u00e9 sur les strat\u00e9gies d\u2019harmonisation, de coordination et de suivi de la mise en \u0153uvre des politiques foresti\u00e8res et environnementales en Afrique centrale.<\/p>\n<p>7. La mise en \u0153uvre de ce Plan de convergence a permis au bassin du Congo de devenir aujourd\u2019hui le premier poumon vert de notre plan\u00e8te avec un bilan net carbone d\u2019environ 610 millions de tonnes par an.<\/p>\n<p>8. Pour maintenir et accroitre le niveau d\u2019absorption du Carbone par les for\u00eats d\u2019Afrique centrale, les Etats membres de la COMIFAC ont pris un certain nombre de mesures entre autres la cr\u00e9ation des aires prot\u00e9g\u00e9es dont le nombre actuel est de 208, toutes cat\u00e9gories confondues, occupant environ 800.000 km2 , soit environ 15,8 % des terres et 5% de la zone \u00e9conomique exclusive marine des pays d\u2019Afrique centrale.<\/p>\n<p>9. Aussi, nos Etats membres s\u2019investissent dans la gestion durable des for\u00eats, afin de maintenir le niveau faible de la d\u00e9forestation. A ce jour, l\u2019Afrique centrale enregistre environ 25 millions d\u2019hectares de for\u00eats am\u00e9nag\u00e9es dont 5,8 millions certifi\u00e9es suivant des standards de \u00ab gestion responsable \u00bb. Plusieurs programmes de restauration des zones d\u00e9grad\u00e9es sont \u00e9galement en cours.&nbsp;<\/p>\n<p>10. Ce contexte justifie l\u2019importance que nous accordons \u00e0 ce deuxi\u00e8me Sommet des trois bassins, qui m\u2019offre l\u2019occasion de r\u00e9it\u00e9rer notre gratitude \u00e0 l\u2019endroit de tous nos partenaires au d\u00e9veloppement qui nous accompagnent dans cette mission essentielle de la conservation et de la gestion durable du premier poumon vert du monde. Nous souhaitons que ce partenariat se renforce davantage de mani\u00e8re \u00e0 faire face avec efficacit\u00e9 aux enjeux \u00e9mergents qui pourraient fragiliser les efforts d\u00e9j\u00e0 consentis pour r\u00e9server la biodiversit\u00e9 et mener \u00e0 bien la transition \u00e9cologique.<\/p>\n<p>Excellences, Mesdames et Messieurs,<\/p>\n<p>11. Une alliance mondiale des \u00e9cosyst\u00e8mes dot\u00e9e d\u2019une gouvernance bas\u00e9e sur une coop\u00e9ration sud-sud et triangulaire s\u2019impose, pour concilier la conservation de la biodiversit\u00e9 et le d\u00e9veloppement socio\u00e9conomique. En effet, notre sous-r\u00e9gion est tr\u00e8s riche en ressources naturelles, mais elle est la plus pauvre sur le plan \u00e9conomique. C\u2019est pourquoi l\u2019engagement de nos Etats pour la gestion durable et la conservation de nos \u00e9cosyst\u00e8mes forestiers va de pair avec leur volont\u00e9 acharn\u00e9e de poursuivre le d\u00e9veloppement socio-\u00e9conomique.<\/p>\n<p>12. Force est de constater \u00e9galement que l\u2019Afrique centrale rend au Monde des services \u00e9cosyst\u00e9miques inestimables, mais re\u00e7oit tr\u00e8s peu de financement par rapport aux efforts consentis par les Etats membres de la COMIFAC, pour conserver et g\u00e9rer durablement les \u00e9cosyst\u00e8mes forestiers.&nbsp;<\/p>\n<p>13. Ainsi, nous sollicitons la communaut\u00e9 internationale \u00e0 privil\u00e9gier les investissements \u00e9trangers et innovants dans les industries, fond\u00e9s sur le d\u00e9veloppement durable tel que l\u2019\u00e9nergie renouvelable, les produits forestiers non ligneux et l\u2019agriculture ; et \u00e0 assurer une meilleure coordination des appuis financiers conform\u00e9ment aux dispositions de l\u2019accord de Paris sur l\u2019efficacit\u00e9 de l\u2019aide au d\u00e9veloppement.<\/p>\n<p>14. Nous en appelons \u00e9galement \u00e0 une meilleure prise en compte des enjeux li\u00e9s \u00e0 la conservation, au prix \u00e9quitable pour nos cr\u00e9dits carbone et \u00e0 la gestion durable des ressources naturelles du bassin du Congo.<\/p>\n<p>15. A quelques jours seulement de la Cop28, nous r\u00e9it\u00e9rons notre appel aux pays d\u00e9velopp\u00e9s qui se sont engag\u00e9s \u00e0 mobiliser 100 milliards de dollars par an afin de soutenir les initiatives d\u2019adaptation au changement climatique et d\u2019att\u00e9nuation de ses effets dans les pays en d\u00e9veloppement d\u2019honorer cet engagement solennel.<\/p>\n<p>16. De notre part, je terminerai mes propos en r\u00e9affirmant l\u2019engagement ind\u00e9fectible de la COMIFAC \u00e0 poursuivre activement les initiatives visant la restauration des \u00e9cosyst\u00e8mes forestiers et aquatiques ainsi que l\u2019am\u00e9lioration de la gouvernance climatique globale en vue d\u2019une gestion durable des for\u00eats et tourbi\u00e8res du bassin du Congo.<\/p>\n<p>Je vous remercie de votre bienveillante attention.<\/p>\n<p><a href=\"https:\/\/comifac.org\/wp-content\/uploads\/2023\/10\/Discours-Sommet-des-3-bassins.pdf\">Bien vouloir t\u00e9l\u00e9charger le discours<\/a><\/p>\n","protected":false},"excerpt":{"rendered":"<p>Excellence Monsieur Denis Sassou NGUESSO, Pr\u00e9sident de la R\u00e9publique du Congo , notre H\u00f4te &#8211; Excellences Messieurs&hellip;<\/p>\n","protected":false},"author":5,"featured_media":9500,"comment_status":"open","ping_status":"open","sticky":false,"template":"","format":"standard","meta":{"give_campaign_id":0,"rs_blank_template":"","rs_page_bg_color":"","slide_template_v7":"","_jetpack_newsletter_access":"","_jetpack_dont_email_post_to_subs":false,"_jetpack_newsletter_tier_id":0,"_jetpack_memberships_contains_paywalled_content":false,"_jetpack_feature_clip_id":0,"_jetpack_memberships_contains_paid_content":false,"footnotes":"","jetpack_post_was_ever_published":false},"categories":[117],"tags":[],"class_list":["post-9502","post","type-post","status-publish","format-standard","has-post-thumbnail","hentry","category-actualites"],"jetpack_sharing_enabled":true,"jetpack_featured_media_url":"https:\/\/comifac.org\/wp-content\/uploads\/2023\/10\/PR_BURUNDI.jpeg","_links":{"self":[{"href":"https:\/\/comifac.org\/index.php?rest_route=\/wp\/v2\/posts\/9502","targetHints":{"allow":["GET"]}}],"collection":[{"href":"https:\/\/comifac.org\/index.php?rest_route=\/wp\/v2\/posts"}],"about":[{"href":"https:\/\/comifac.org\/index.php?rest_route=\/wp\/v2\/types\/post"}],"author":[{"embeddable":true,"href":"https:\/\/comifac.org\/index.php?rest_route=\/wp\/v2\/users\/5"}],"replies":[{"embeddable":true,"href":"https:\/\/comifac.org\/index.php?rest_route=%2Fwp%2Fv2%2Fcomments&post=9502"}],"version-history":[{"count":0,"href":"https:\/\/comifac.org\/index.php?rest_route=\/wp\/v2\/posts\/9502\/revisions"}],"wp:featuredmedia":[{"embeddable":true,"href":"https:\/\/comifac.org\/index.php?rest_route=\/wp\/v2\/media\/9500"}],"wp:attachment":[{"href":"https:\/\/comifac.org\/index.php?rest_route=%2Fwp%2Fv2%2Fmedia&parent=9502"}],"wp:term":[{"taxonomy":"category","embeddable":true,"href":"https:\/\/comifac.org\/index.php?rest_route=%2Fwp%2Fv2%2Fcategories&post=9502"},{"taxonomy":"post_tag","embeddable":true,"href":"https:\/\/comifac.org\/index.php?rest_route=%2Fwp%2Fv2%2Ftags&post=9502"}],"curies":[{"name":"wp","href":"https:\/\/api.w.org\/{rel}","templated":true}]}}